{"id":2762,"date":"2013-05-31T09:52:07","date_gmt":"2013-05-31T14:52:07","guid":{"rendered":"https:\/\/radiowebmx.com\/nota\/?p=2762"},"modified":"2013-05-31T09:52:07","modified_gmt":"2013-05-31T14:52:07","slug":"creacion-de-sala-electoral-evitara-nombramientos-partidistas-en-eleccion-de-magistrados-electorales-sebastian-naranjo","status":"publish","type":"post","link":"https:\/\/radiowebmx.com\/nota\/creacion-de-sala-electoral-evitara-nombramientos-partidistas-en-eleccion-de-magistrados-electorales-sebastian-naranjo\/","title":{"rendered":"Creaci\u00f3n de Sala Electoral  evitar\u00e1 nombramientos partidistas en elecci\u00f3n de Magistrados Electorales: Sebasti\u00e1n Naranjo"},"content":{"rendered":"<p><a href=\"https:\/\/radiowebmx.com\/nota\/wp-content\/uploads\/2013\/05\/Dip.-Sebasti\u00e1n-Naranjo.jpg\"><img loading=\"lazy\" decoding=\"async\" class=\"alignleft size-full wp-image-2763\" title=\"Dip. Sebasti\u00e1n Naranjo\" src=\"https:\/\/radiowebmx.com\/nota\/wp-content\/uploads\/2013\/05\/Dip.-Sebasti\u00e1n-Naranjo.jpg\" alt=\"\" width=\"591\" height=\"249\" \/><\/a>\u201cLa Iniciativa presentada ante el Pleno del Congreso del Estado, la cual\u00a0contempla la desaparici\u00f3n del Tribunal Electoral del Estado de Michoac\u00e1n (TEEM) y la creaci\u00f3n de una Sala Especial Constitucional Electoral, que sea parte del Supremo Tribunal de Justicia del Estado (STJE),\u00a0no contrapone ni viola nuestra Carta Magna, de lo contrario, cumple con la disposici\u00f3n constitucional, la cual especifica que en cada entidad federativa debe existir una autoridad jurisdiccional que resuelva las controversias en la materia\u201d, as\u00ed lo declar\u00f3 el diputado Sebasti\u00e1n Naranjo Blanco, integrante del Grupo Parlamentario del Partido Acci\u00f3n Nacional en el Poder Legislativo en la entidad.<\/p>\n<p>El legislador promotor de dicha Iniciativa que reforma los art\u00edculos 13, 73, 76, 77, 83, 67, 70, 73 y la derogaci\u00f3n del 98 de la Constituci\u00f3n Pol\u00edtica del Estado de Michoac\u00e1n, se\u00f1al\u00f3 que la propuesta no establece eliminar el sistema de medios de impugnaci\u00f3n, \u201ceste seguir\u00e1 existiendo, pero queda claro que la normativa vigente, no impone la obligaci\u00f3n de que la autoridad jurisdiccional, sea un Tribunal Constitucionalmente Aut\u00f3nomo, como lo es actualmente\u201d, se\u00f1al\u00f3.<\/p>\n<p>\u201cNo estamos proponiendo que se pierda autonom\u00eda alguna, ni independencia, pues la autoridad jurisdiccional electoral estar\u00e1 en el seno del Poder Judicial del Estado, lo que permitir\u00e1 regirse por principios de profesionalismo, m\u00e9ritos y capacidad para acceder a los puestos p\u00fablicos\u201d, destac\u00f3 el diputado albiazul.<\/p>\n<p>En el mismo sentido, explic\u00f3 que actualmente la decisi\u00f3n del nombramiento de los Magistrados electorales recae totalmente en el Poder Legislativo; actualmente el personal que labora en el Tribunal Electoral se designa a propuesta de los mismos Magistrados; con la reforma en cuesti\u00f3n, los aspirantes a dichos puestos ser\u00e1n evaluados por el Consejo Judicial, quien har\u00e1 la propuesta al Congreso y todo el personal de la Sala Especial Constitucional Electoral estar\u00e1 sujeta al servicio judicial de carrera, dot\u00e1ndolo de mayor fuerza, capacidad, profesionalismo, estabilidad autonom\u00eda e independencia a todo su quehacer\u201d. \u201cCon ello se pretende evitar la intervenci\u00f3n de los partidos pol\u00edticos, con el objetivo de que lleguen a estos cargos las personas que cumplan con el perfil id\u00f3neo, contando con los conocimientos suficientes, tal vez sea esta la raz\u00f3n del porque algunos afirman que se pierde independencia\u201d, explic\u00f3.<\/p>\n<p>Finalmente Naranjo Blanco, dijo que en M\u00e9xico solamente ocho de las 32 entidades federativas poseen Tribunales Constitucionales locales, \u201cel centralismo judicial que existe en el pa\u00eds resta a los estados autonom\u00eda y facultades de hacer, aplicar e interpretar sus propias leyes, por eso\u00a0 uno de los objetivos de la presente iniciativa es delimitar las competencias del Poder Judicial Federal con el Judicial Local, para as\u00ed, poder profesionalizar al uno del otro, y evitar que el Estado deje de evadir su responsabilidad de cumplir la Constituci\u00f3n con el argumento de falta de reglamentaci\u00f3n\u201d, concluy\u00f3.<\/p>\n","protected":false},"excerpt":{"rendered":"<p>\u201cLa Iniciativa presentada ante el Pleno del Congreso del Estado, la cual contempla la desaparici\u00f3n del Tribunal Electoral del Estado de Michoac\u00e1n (TEEM) y la creaci\u00f3n de una Sala Especial Constitucional Electoral, que sea parte del Supremo Tribunal de Justicia del Estado (STJE),<\/p>\n","protected":false},"author":1,"featured_media":0,"comment_status":"open","ping_status":"open","sticky":false,"template":"","format":"standard","meta":{"footnotes":""},"categories":[6,14,8],"tags":[],"class_list":["post-2762","post","type-post","status-publish","format-standard","hentry","category-congreso-del-estado","category-destacadas","category-grupo-parlamentario-del-pan"],"_links":{"self":[{"href":"https:\/\/radiowebmx.com\/nota\/wp-json\/wp\/v2\/posts\/2762","targetHints":{"allow":["GET"]}}],"collection":[{"href":"https:\/\/radiowebmx.com\/nota\/wp-json\/wp\/v2\/posts"}],"about":[{"href":"https:\/\/radiowebmx.com\/nota\/wp-json\/wp\/v2\/types\/post"}],"author":[{"embeddable":true,"href":"https:\/\/radiowebmx.com\/nota\/wp-json\/wp\/v2\/users\/1"}],"replies":[{"embeddable":true,"href":"https:\/\/radiowebmx.com\/nota\/wp-json\/wp\/v2\/comments?post=2762"}],"version-history":[{"count":2,"href":"https:\/\/radiowebmx.com\/nota\/wp-json\/wp\/v2\/posts\/2762\/revisions"}],"predecessor-version":[{"id":2765,"href":"https:\/\/radiowebmx.com\/nota\/wp-json\/wp\/v2\/posts\/2762\/revisions\/2765"}],"wp:attachment":[{"href":"https:\/\/radiowebmx.com\/nota\/wp-json\/wp\/v2\/media?parent=2762"}],"wp:term":[{"taxonomy":"category","embeddable":true,"href":"https:\/\/radiowebmx.com\/nota\/wp-json\/wp\/v2\/categories?post=2762"},{"taxonomy":"post_tag","embeddable":true,"href":"https:\/\/radiowebmx.com\/nota\/wp-json\/wp\/v2\/tags?post=2762"}],"curies":[{"name":"wp","href":"https:\/\/api.w.org\/{rel}","templated":true}]}}