{"id":27605,"date":"2016-11-14T10:28:05","date_gmt":"2016-11-14T16:28:05","guid":{"rendered":"https:\/\/radiowebmx.com\/nota\/?p=27605"},"modified":"2016-11-14T10:28:13","modified_gmt":"2016-11-14T16:28:13","slug":"celebran-en-morelia-2a-carrera-nacional-moviendo-a-mexico-por-tu-salud-2016","status":"publish","type":"post","link":"https:\/\/radiowebmx.com\/nota\/celebran-en-morelia-2a-carrera-nacional-moviendo-a-mexico-por-tu-salud-2016\/","title":{"rendered":"Celebran en Morelia 2\u00aa Carrera Nacional   \u201cMoviendo a M\u00e9xico  por tu Salud 2016\u201d"},"content":{"rendered":"<p><img loading=\"lazy\" decoding=\"async\" class=\"alignleft size-full wp-image-27606\" src=\"https:\/\/radiowebmx.com\/nota\/wp-content\/uploads\/2016\/11\/7f870611-21e3-459a-8c79-5a834881f86d.jpg\" alt=\"7f870611-21e3-459a-8c79-5a834881f86d\" width=\"709\" height=\"380\" srcset=\"https:\/\/radiowebmx.com\/nota\/wp-content\/uploads\/2016\/11\/7f870611-21e3-459a-8c79-5a834881f86d.jpg 709w, https:\/\/radiowebmx.com\/nota\/wp-content\/uploads\/2016\/11\/7f870611-21e3-459a-8c79-5a834881f86d-300x161.jpg 300w\" sizes=\"auto, (max-width: 709px) 100vw, 709px\" \/>Edgar Olmedo y Briseyda V\u00e1zquez triunfaron en la 2\u00aa edici\u00f3n de la Carrera Nacional \u201cMoviendo a M\u00e9xico por tu Salud 2016\u201d, la cual se desarroll\u00f3 en la ciudad de Morelia con una participaci\u00f3n de poco m\u00e1s de un millar de atletas, quienes recorrieron una distancia de 5 kil\u00f3metros en la justa organizada por la Secretar\u00eda de Salud, en el marco del D\u00eda Mundial de la Diabetes.<\/p>\n<p>El alcalde de la capital michoacana, Alfonso Mart\u00ednez Alc\u00e1zar, a trav\u00e9s del Instituto Municipal de Cultura F\u00edsica y Deporte (IMDE), se uni\u00f3 a la estrategia de la Secretar\u00eda de Salud para combatir la obesidad, el sobre peso y la diabetes, por lo cual se realiz\u00f3 dicha justa de forma simult\u00e1nea en 12 ciudades de 10 entidades de la Rep\u00fablica Mexicana, con el firme\u00a0prop\u00f3sito de activar a m\u00e1s de 28 mil personas.<\/p>\n<p>En la carrera celebrada esta ma\u00f1ana en la ciudad de la ciudad \u201cPatrimonio Cultural de la Humanidad\u201d, se cont\u00f3 con la asistencia de poco m\u00e1s \u00a0mil\u00a0 100 personas, al ser un evento de car\u00e1cter recreativo, caminaron, trotaron y corrieron para completar el circuito de 5 kil\u00f3metros, el cual arranc\u00f3 frente a Catedral, para tomar la Avenida Madero, seguir por Acueducto hasta llegar a las inmediaciones del Centro Deportivo Ej\u00e9rcito de la Revoluci\u00f3n y retornar al centro hist\u00f3rico.<\/p>\n<p>El banderazo de salida estuvo encabezado por la titular de salubridad en la entidad, Silvia Hern\u00e1ndez, adem\u00e1s de Paulina Flores, en representaci\u00f3n del director general del IMDE, Gustavo Ju\u00e1rez Bedolla, entre algunas personas m\u00e1s.<\/p>\n<p>\u201cEste tipo de acciones son fundamentales a la hora de contribuir a la activaci\u00f3n de la sociedad, es importante que el \u00f3rgano de salud a nivel federal identifique al deporte como su principal aliado para combatir estos padecimientos y contrarrestar sus efectos negativos. En Morelia siempre implementamos los mejores programas en beneficio de la ciudadan\u00eda\u201d, afirm\u00f3 Paulina Flores, funcionaria del IMDE.<\/p>\n<p>El moreliano de 31 a\u00f1os de edad, Edgar Olmedo, se proclam\u00f3 como el ganador absoluto de la carrera y destac\u00f3 la importancia de estos esfuerzos para incentivar a la sociedad a realizar alguna actividad saludable.<\/p>\n<p>\u201cEl evento cont\u00f3 con una buena organizaci\u00f3n, sobre todo si tomamos en cuenta que su objetivo fue acercar a la gente al deporte, mostrando los beneficios que otorga en cuanto a salud se refiere, porque temas como la obesidad son complicados, entonces hay que inculcarlo a todos los niveles y en personas de todas las edades\u201d, apunt\u00f3 el ganador.<\/p>\n<p>Briseyda V\u00e1squez se coloc\u00f3 como la m\u00e1s r\u00e1pida de las f\u00e9minas, que al ser recreativa, solo incluyo una categor\u00eda Libre \u00fanica, en ambas ramas.<\/p>\n<p>La premiaci\u00f3n consisti\u00f3 en medallas para todos los participantes.<\/p>\n<p>Adem\u00e1s del evento deportivo como tal, la Secretar\u00eda de Salud instal\u00f3 un m\u00f3dulo de atenci\u00f3n junto al arco de meta, en donde las personas pudieron ser revisadas en algunos par\u00e1metros como peso y circunferencia abdominal.<\/p>\n","protected":false},"excerpt":{"rendered":"<p>Edgar Olmedo y Briseyda V\u00e1zquez triunfaron en la 2\u00aa edici\u00f3n de la Carrera Nacional \u201cMoviendo a M\u00e9xico por tu Salud 2016\u201d, la cual se desarroll\u00f3 en la ciudad de Morelia con una participaci\u00f3n de poco m\u00e1s de un millar de atletas, quienes recorrieron una distancia de 5 kil\u00f3metros en la justa organizada por la Secretar\u00eda de Salud, en el marco del D\u00eda Mundial de la Diabetes.<\/p>\n","protected":false},"author":1,"featured_media":27606,"comment_status":"open","ping_status":"open","sticky":false,"template":"","format":"standard","meta":{"footnotes":""},"categories":[14,9],"tags":[],"class_list":["post-27605","post","type-post","status-publish","format-standard","has-post-thumbnail","hentry","category-destacadas","category-morelia"],"_links":{"self":[{"href":"https:\/\/radiowebmx.com\/nota\/wp-json\/wp\/v2\/posts\/27605","targetHints":{"allow":["GET"]}}],"collection":[{"href":"https:\/\/radiowebmx.com\/nota\/wp-json\/wp\/v2\/posts"}],"about":[{"href":"https:\/\/radiowebmx.com\/nota\/wp-json\/wp\/v2\/types\/post"}],"author":[{"embeddable":true,"href":"https:\/\/radiowebmx.com\/nota\/wp-json\/wp\/v2\/users\/1"}],"replies":[{"embeddable":true,"href":"https:\/\/radiowebmx.com\/nota\/wp-json\/wp\/v2\/comments?post=27605"}],"version-history":[{"count":1,"href":"https:\/\/radiowebmx.com\/nota\/wp-json\/wp\/v2\/posts\/27605\/revisions"}],"predecessor-version":[{"id":27607,"href":"https:\/\/radiowebmx.com\/nota\/wp-json\/wp\/v2\/posts\/27605\/revisions\/27607"}],"wp:featuredmedia":[{"embeddable":true,"href":"https:\/\/radiowebmx.com\/nota\/wp-json\/wp\/v2\/media\/27606"}],"wp:attachment":[{"href":"https:\/\/radiowebmx.com\/nota\/wp-json\/wp\/v2\/media?parent=27605"}],"wp:term":[{"taxonomy":"category","embeddable":true,"href":"https:\/\/radiowebmx.com\/nota\/wp-json\/wp\/v2\/categories?post=27605"},{"taxonomy":"post_tag","embeddable":true,"href":"https:\/\/radiowebmx.com\/nota\/wp-json\/wp\/v2\/tags?post=27605"}],"curies":[{"name":"wp","href":"https:\/\/api.w.org\/{rel}","templated":true}]}}