{"id":276,"date":"2012-11-15T11:19:25","date_gmt":"2012-11-15T17:19:25","guid":{"rendered":"https:\/\/radiowebmx.com\/nota\/?p=276"},"modified":"2012-12-03T21:07:50","modified_gmt":"2012-12-04T03:07:50","slug":"la-magia-y-tradicion-del-arte-michoacano-presentes-en-el-vaticano","status":"publish","type":"post","link":"https:\/\/radiowebmx.com\/nota\/la-magia-y-tradicion-del-arte-michoacano-presentes-en-el-vaticano\/","title":{"rendered":"LA MAGIA Y TRADICI\u00d3N DEL ARTE MICHOACANO, PRESENTES EN EL VATICANO"},"content":{"rendered":"<p><img loading=\"lazy\" decoding=\"async\" class=\"alignnone\" src=\"http:\/\/img10.imageshack.us\/img10\/2210\/dsc08104xm.jpg\" alt=\"\" width=\"591\" height=\"320\" \/>Michoac\u00e1n es un estado rico en tradici\u00f3n, cultura y arte, por ello fue elegido para enviar dos nacimientos y dos \u00e1rboles de navidad, elaborados por las m\u00e1gicas manos de artesanos michoacanos al Vaticano, que ser\u00e1n expuestos del 12 de diciembre al 2 de febrero.<\/p>\n<p>Jes\u00fas Ayala Heredia, quien viajar\u00e1 a Roma el 10 de diciembre para montar los nacimientos, en conferencia de prensa platic\u00f3 que desde peque\u00f1o, descubri\u00f3 el amor que ten\u00eda por el manejo de la t\u00e9cnica de cera, y junto a su abuela, hicieron sus primeras figuras para el nacimiento tradicional de su municipio, Pur\u00e9pero, Michoac\u00e1n.<\/p>\n<p>Borreguitos, burritos, pastorcitos y algunos querubines, fueron las primeras expresiones de arte y tradici\u00f3n que concret\u00f3 con sus manos y una extraordinaria t\u00e9cnica, misma que hoy se refleja en las 17 figuras de cera que engalanar\u00e1n el Aula Paulo VI en El Vaticano.<\/p>\n<p>Jes\u00fas Ayala coment\u00f3 que desde que le avisaron que sus piezas fueron elegidas para representar al estado de Michoac\u00e1n en El Vaticano, supo que ten\u00eda que plasmar cada caracter\u00edstica representativa de las comunidades pur\u00e9pechas.<\/p>\n<p>El nacimiento de 17 piezas que tienen una altura de 130 cent\u00edmetros, elaborado con 500 kilos de cera, tiene caracter\u00edsticas t\u00edpicas de los pueblos michoacanos que van desde los rasgos faciales, vestimenta y adornos.<\/p>\n<p>Un ejemplo de ello, es el atuendo que lleva la virgen de Guadalupe, de la comunidad de Tarecuato; el arc\u00e1ngel lleva el traje de San Jos\u00e9 de los Herreros; los Reyes Magos usan la vestimenta de K\u00farpite de San Juan Nuevo, de la danza de los Moros y de los Negros; al igual que los pastores portan el traje de la ca\u00f1ada de los 11 pueblos, de Cocucho y del Lago de P\u00e1tzcuaro.<\/p>\n<p>Asimismo, Mario Gaspar Rodr\u00edguez, originario de P\u00e1tzcuaro, Michoac\u00e1n, manifest\u00f3 que desde siempre sinti\u00f3 gran inter\u00e9s y respeto por la t\u00e9cnica de pasta de ca\u00f1a de ma\u00edz, debido a que con ella los pur\u00e9pechas hac\u00edan im\u00e1genes de sus dioses, por lo cu\u00e1l quiso retomarla y compartirla con los miles de vistantes en El Vaticano.<\/p>\n<p>Para poder concretar este trabajo artesanal compuesto por 7 piezas de 120 cent\u00edmetros, inici\u00f3 con su esposa e hija a elaborarlo en largas jornadas diarias que comenzaban a las 4 de la ma\u00f1ana, con apoyo de otros artesanos de comunidades aleda\u00f1as.<\/p>\n<p>En este nacimiento, el vestuario de los Reyes Magos proviene de San Juan Nuevo; de\u00a0 Pich\u00e1taro es el de la virgen, el sombrero de San Jos\u00e9 es de Car\u00e1cuaro, de Cuanajo son la silla y el pesebre. Una extensa gama de artesan\u00edas de Michoac\u00e1n que con cada uno de estos objetos cuenta la historia de todo un pueblo, refiri\u00f3 Gaspar Rodr\u00edguez.<\/p>\n<p>Por otra parte, los \u00e1rboles navide\u00f1os est\u00e1n conformados por 441 piezas de cobre martillado, originarias de Santa Clara del Cobre, 239 figuras de popotillo de trigo o panikua, 80 trompos laqueados, 50 m\u00e1scaras de viejitos, 26 rebozos, 690 esferas y un arco de madera tallado.<\/p>\n<p>Rafael Paz Vega, director de Casa de las Artesan\u00edas, se\u00f1al\u00f3 que el nacimiento de cera tuvo una inversi\u00f3n de 625 mil pesos, el de pasta de ca\u00f1a 435 mil pesos y para la decoraci\u00f3n de los \u00e1rboles navide\u00f1os se destinaron 200 mil pesos.<\/p>\n<p>Mencion\u00f3 que a trav\u00e9s de los colores, las formas y texturas de estas piezas \u00fanicas artesanales se expresa el amor, generosidad, solidaridad de los pueblos michoacanos, adem\u00e1s de poner en alto la cultura y tradici\u00f3n que distingue a la entidad.<\/p>\n<p>Paz Vega inform\u00f3 que 4 artesanos viajar\u00e1n a Roma para verificar que lleguen en buen estado las piezas y poder restaurarlas de ser necesario, de igual manera ser\u00e1n ellos quienes coloquen el nacimiento en los recintos del Vaticano.<\/p>\n<p>Aprovech\u00f3 la ocasi\u00f3n para anunciar que Casa de las Artesan\u00edas ser\u00e1 parte del Buen Fin, ofreciendo el 40 por ciento de descuento en las m\u00e1s de 4 mil piezas puestas a la venta en las tiendas ubicadas en la Plaza Valladolid, Hotel Alameda y Aeropuerto de la capital michoacana, con la finalidad de que todos tengan acceso al arte michoacano.<\/p>\n<p>&nbsp;<\/p>\n","protected":false},"excerpt":{"rendered":"<p>Michoac\u00e1n es un estado rico en tradici\u00f3n, cultura y arte, por ello fue elegido para enviar dos nacimientos y dos \u00e1rboles de navidad, elaborados por las m\u00e1gicas manos de artesanos michoacanos al Vaticano, que ser\u00e1n expuestos del 12 de diciembre al 2 de febrero. Jes\u00fas Ayala Heredia, quien viajar\u00e1 a Roma el 10 de diciembre [&hellip;]<\/p>\n","protected":false},"author":1,"featured_media":0,"comment_status":"open","ping_status":"open","sticky":false,"template":"","format":"standard","meta":{"footnotes":""},"categories":[3],"tags":[],"class_list":["post-276","post","type-post","status-publish","format-standard","hentry","category-gobierno-del-estado-de-michoacan"],"_links":{"self":[{"href":"https:\/\/radiowebmx.com\/nota\/wp-json\/wp\/v2\/posts\/276","targetHints":{"allow":["GET"]}}],"collection":[{"href":"https:\/\/radiowebmx.com\/nota\/wp-json\/wp\/v2\/posts"}],"about":[{"href":"https:\/\/radiowebmx.com\/nota\/wp-json\/wp\/v2\/types\/post"}],"author":[{"embeddable":true,"href":"https:\/\/radiowebmx.com\/nota\/wp-json\/wp\/v2\/users\/1"}],"replies":[{"embeddable":true,"href":"https:\/\/radiowebmx.com\/nota\/wp-json\/wp\/v2\/comments?post=276"}],"version-history":[{"count":3,"href":"https:\/\/radiowebmx.com\/nota\/wp-json\/wp\/v2\/posts\/276\/revisions"}],"predecessor-version":[{"id":278,"href":"https:\/\/radiowebmx.com\/nota\/wp-json\/wp\/v2\/posts\/276\/revisions\/278"}],"wp:attachment":[{"href":"https:\/\/radiowebmx.com\/nota\/wp-json\/wp\/v2\/media?parent=276"}],"wp:term":[{"taxonomy":"category","embeddable":true,"href":"https:\/\/radiowebmx.com\/nota\/wp-json\/wp\/v2\/categories?post=276"},{"taxonomy":"post_tag","embeddable":true,"href":"https:\/\/radiowebmx.com\/nota\/wp-json\/wp\/v2\/tags?post=276"}],"curies":[{"name":"wp","href":"https:\/\/api.w.org\/{rel}","templated":true}]}}