{"id":27594,"date":"2016-11-11T15:06:39","date_gmt":"2016-11-11T21:06:39","guid":{"rendered":"https:\/\/radiowebmx.com\/nota\/?p=27594"},"modified":"2016-11-11T15:06:39","modified_gmt":"2016-11-11T21:06:39","slug":"trabajan-sep-y-see-en-el-desarrollo-de-estrategias-para-el-fortalecimiento-educativo-y-de-gestion-en-michoacan","status":"publish","type":"post","link":"https:\/\/radiowebmx.com\/nota\/trabajan-sep-y-see-en-el-desarrollo-de-estrategias-para-el-fortalecimiento-educativo-y-de-gestion-en-michoacan\/","title":{"rendered":"Trabajan SEP y SEE en el desarrollo de estrategias para el fortalecimiento educativo y de gesti\u00f3n en Michoac\u00e1n"},"content":{"rendered":"<table id=\"x_contenido\" border=\"0\" cellspacing=\"0\" cellpadding=\"0\">\n<tbody>\n<tr>\n<td><strong>Morelia, Michoac\u00e1n, a 11 de noviembre de 2016.-<\/strong> Autoridades educativas federales y estatales, representadas por Otto Granados Rold\u00e1n, subsecretario de Planeaci\u00f3n y Evaluaci\u00f3n de Pol\u00edticas Educativas de la Secretar\u00eda de Educaci\u00f3n P\u00fablica (SEP), as\u00ed como por el titular de la Secretar\u00eda de Educaci\u00f3n en el Estado (SEE), Alberto Frutis Sol\u00eds; \u00a0se reunieron este viernes para definir las tareas de fortalecimiento educativo \u00a0de la dependencia estatal.<\/p>\n<p><span style=\"color: #202020;\"><br \/>\nEl objetivo es mejorar el logro acad\u00e9mico de las y los alumnos en el estado de Michoac\u00e1n, consolidar la transparencia, claridad y control administrativo, disminuir el rezago educativo en la entidad; entre otras acciones que permitan eficientar el desempe\u00f1o del Sistema Educativo Estatal.<\/p>\n<p>Lo anterior, a trav\u00e9s de la implementaci\u00f3n de estrategias que coadyuven con la mejora de los procesos \u00a0para atender de mejor manera los desaf\u00edos y necesidades de la educaci\u00f3n de las y los ni\u00f1os michoacanos.<\/p>\n<p>En este tenor se proyecta\u00a0realizar reuniones peri\u00f3dicas con los actores del hecho educativo para dar seguimiento a las necesidades y problem\u00e1ticas de cada plantel, asimismo, identificar mecanismos eficientes de comunicaci\u00f3n hacia y desde las escuelas a fin de consolidar una atenci\u00f3n y respuesta eficiente y oportuna de los servicios educativos en el estado.<\/p>\n<p>De este modo, ambas instancias buscan instrumentar procesos \u00f3ptimos de organizaci\u00f3n que garanticen una efectiva operaci\u00f3n institucional en las \u00e1reas administrativas sustantivas de la Secretar\u00eda de Educaci\u00f3n estatal.<\/span><\/td>\n<\/tr>\n<\/tbody>\n<\/table>\n","protected":false},"excerpt":{"rendered":"<p>Autoridades educativas federales y estatales, representadas por Otto Granados Rold\u00e1n, subsecretario de Planeaci\u00f3n y Evaluaci\u00f3n de Pol\u00edticas Educativas de la SEP, as\u00ed como por el titular de la SEE, Alberto Frutis Sol\u00eds;  se reunieron este viernes para definir las tareas de fortalecimiento educativo  de la dependencia estatal.<\/p>\n","protected":false},"author":1,"featured_media":27595,"comment_status":"open","ping_status":"open","sticky":false,"template":"","format":"standard","meta":{"footnotes":""},"categories":[14,3],"tags":[],"class_list":["post-27594","post","type-post","status-publish","format-standard","has-post-thumbnail","hentry","category-destacadas","category-gobierno-del-estado-de-michoacan"],"_links":{"self":[{"href":"https:\/\/radiowebmx.com\/nota\/wp-json\/wp\/v2\/posts\/27594","targetHints":{"allow":["GET"]}}],"collection":[{"href":"https:\/\/radiowebmx.com\/nota\/wp-json\/wp\/v2\/posts"}],"about":[{"href":"https:\/\/radiowebmx.com\/nota\/wp-json\/wp\/v2\/types\/post"}],"author":[{"embeddable":true,"href":"https:\/\/radiowebmx.com\/nota\/wp-json\/wp\/v2\/users\/1"}],"replies":[{"embeddable":true,"href":"https:\/\/radiowebmx.com\/nota\/wp-json\/wp\/v2\/comments?post=27594"}],"version-history":[{"count":1,"href":"https:\/\/radiowebmx.com\/nota\/wp-json\/wp\/v2\/posts\/27594\/revisions"}],"predecessor-version":[{"id":27596,"href":"https:\/\/radiowebmx.com\/nota\/wp-json\/wp\/v2\/posts\/27594\/revisions\/27596"}],"wp:featuredmedia":[{"embeddable":true,"href":"https:\/\/radiowebmx.com\/nota\/wp-json\/wp\/v2\/media\/27595"}],"wp:attachment":[{"href":"https:\/\/radiowebmx.com\/nota\/wp-json\/wp\/v2\/media?parent=27594"}],"wp:term":[{"taxonomy":"category","embeddable":true,"href":"https:\/\/radiowebmx.com\/nota\/wp-json\/wp\/v2\/categories?post=27594"},{"taxonomy":"post_tag","embeddable":true,"href":"https:\/\/radiowebmx.com\/nota\/wp-json\/wp\/v2\/tags?post=27594"}],"curies":[{"name":"wp","href":"https:\/\/api.w.org\/{rel}","templated":true}]}}