{"id":27591,"date":"2016-11-11T14:56:22","date_gmt":"2016-11-11T20:56:22","guid":{"rendered":"https:\/\/radiowebmx.com\/nota\/?p=27591"},"modified":"2016-11-11T14:56:22","modified_gmt":"2016-11-11T20:56:22","slug":"destinar-mayor-recurso-a-ciencia-tecnologia-e-innovacion-en-michoacan-silvano-aureoles","status":"publish","type":"post","link":"https:\/\/radiowebmx.com\/nota\/destinar-mayor-recurso-a-ciencia-tecnologia-e-innovacion-en-michoacan-silvano-aureoles\/","title":{"rendered":"Destinar mayor recurso a ciencia, tecnolog\u00eda e innovaci\u00f3n en Michoac\u00e1n: Silvano Aureoles"},"content":{"rendered":"<p><strong>Morelia, Michoac\u00e1n, a 11 de noviembre de 2016.-<\/strong> Con un llamado a los diputados locales y al sector privado a trabajar de manera coordinada y realizar los esfuerzos y ajustes necesarios para destinar m\u00e1s recursos a la ciencia, tecnolog\u00eda e innovaci\u00f3n, el Gobernador Constitucional Silvano Aureoles Conejo, inaugur\u00f3 la segunda sesi\u00f3n ordinaria de la Conferencia Nacional en la materia que se realiza en esta capital michoacana.<\/p>\n<p>&nbsp;<\/p>\n<p>El mandatario estatal destac\u00f3 que: \u201cUn tema toral que ocupa de la mayor atenci\u00f3n en mi Gobierno ha sido y seguir\u00e1 siendo la educaci\u00f3n, pues es la herramienta m\u00e1s poderosa que tenemos para construir un mejor futuro, y s\u00f3lo se puede dar con mayor inversi\u00f3n en ciencia y tecnolog\u00eda para transitar hacia la econom\u00eda del conocimiento\u201d.<\/p>\n<p>&nbsp;<\/p>\n<p>El jefe del Poder Ejecutivo en la entidad, reconoci\u00f3 que, ante la incertidumbre en los mercados financieros por los recientes acontecimientos, se debe fortalecer la econom\u00eda local y reiter\u00f3 que es a trav\u00e9s de la inversi\u00f3n en educaci\u00f3n, ciencia y tecnolog\u00eda, ya que son factores esenciales para transitar hacia una econom\u00eda del conocimiento.<\/p>\n<p>&nbsp;<\/p>\n<p>Aureoles Conejo se\u00f1al\u00f3 que se deben identificar las ventajas competitivas y establecer mecanismos que agreguen valor a nuestros productos, para as\u00ed consolidar la competitividad estatal y nacional, en el concierto mundial.<\/p>\n<p>&nbsp;<\/p>\n<p>Por ello tambi\u00e9n reconoci\u00f3 que se debe avanzar en el camino para adoptar la cultura de innovaci\u00f3n en el sector productivo, para generar valor agregado; fortalecer las capacidades tecnol\u00f3gicas y tambi\u00e9n proteger la tecnolog\u00eda; incentivar a las nuevas generaciones en el gusto por la ciencia, y fomentar el establecimiento de empresas de base cient\u00edfica y tecnol\u00f3gica.<\/p>\n<p>&nbsp;<\/p>\n<p>Acompa\u00f1ado del secretario de Innovaci\u00f3n, Ciencia y Desarrollo Tecnol\u00f3gico del estado, Jos\u00e9 Luis Monta\u00f1ez Espinosa, Silvano Aureoles enfatiz\u00f3 que no s\u00f3lo Michoac\u00e1n, sino todo M\u00e9xico necesita invertir m\u00e1s en educaci\u00f3n, en investigaci\u00f3n y en ciencia, acompa\u00f1ando a la educaci\u00f3n de la innovaci\u00f3n, de la ciencia y de la tecnolog\u00eda, por ello subray\u00f3 que \u201cjuntos tenemos la responsabilidad de trabajar para que 2017 sea un a\u00f1o con m\u00e1s recursos para estos temas\u201d.<\/p>\n<p>&nbsp;<\/p>\n<p>En la reuni\u00f3n se present\u00f3 el Programa Especial de Innovaci\u00f3n, Ciencia y Desarrollo para Michoac\u00e1n 2015-2021, donde destacaron:<\/p>\n<p>&nbsp;<\/p>\n<p>1.- La creaci\u00f3n de la Secretar\u00eda de Innovaci\u00f3n, Ciencia y Desarrollo Tecnol\u00f3gico.<\/p>\n<p>&nbsp;<\/p>\n<p>2.- La Innovaci\u00f3n para la productividad y competitividad al ser una de las 10 prioridades transversales en el Plan de Desarrollo Integral del Estado de Michoac\u00e1n 2015-2021.<\/p>\n<p>&nbsp;<\/p>\n<p>3.- Contar con el Programa Especial de Ciencia, Tecnolog\u00eda e Innovaci\u00f3n, que permitir\u00e1 tener mayor capacidad de permear en el desarrollo del estado.<\/p>\n<p>&nbsp;<\/p>\n<p>Por su parte, tanto el coordinador ejecutivo de la Conferencia y Presidente de la Red Nacional de los Consejos Estatales de Ciencia y Tecnolog\u00eda, Carlos Karam Qui\u00f1ones, como el coordinador general de la Conferencia y directora general del CONACYT, Enrique Cabrero Mendoza, coincidieron en se\u00f1alar que en estos momentos de crisis por los que atraviesa el pa\u00eds por los recortes al presupuesto federal del pr\u00f3ximo a\u00f1o, deber\u00e1n intensificar los esfuerzos para trabajar con creatividad y experiencia, lo que les permitir\u00e1 hacer frente a \u00e9sta situaci\u00f3n.<\/p>\n<p>&nbsp;<\/p>\n<p>Adem\u00e1s, felicitaron al Gobernador Silvano Aureoles, por su sensibilidad en la implementaci\u00f3n de pol\u00edticas p\u00fablicas que beneficien el desarrollo de la ciencia y la tecnolog\u00eda.<\/p>\n<p>&nbsp;<\/p>\n<p>Mientras que el coordinador de Ciencia, Tecnolog\u00eda e Innovaci\u00f3n de la Presidencia de la Rep\u00fablica, El\u00edas Micha Zaga, asegur\u00f3 que, pese a las dificultades financieras, en los primeros cuatro a\u00f1os del gobierno que encabeza el Presidente Enrique Pe\u00f1a Nieto, se destin\u00f3 un presupuesto sin precedentes en estos rubros, lo que permiti\u00f3 fortalecer la infraestructura cient\u00edfica y tecnol\u00f3gica del pa\u00eds.<\/p>\n<p>&nbsp;<\/p>\n<p>Al evento tambi\u00e9n asisti\u00f3 el presidente de la Mesa Directiva del Congreso del Estado, Pascual Sigala P\u00e1ez; el presidente de la Comisi\u00f3n de Ciencia, Tecnolog\u00eda e Innovaci\u00f3n del Congreso local, diputado Roberto Maldonado Hinojosa; el senador Ra\u00fal Mor\u00f3n Orozco; el rector de la Universidad Michoacana de San Nicol\u00e1s de Hidalgo, Medardo Serna Gonz\u00e1lez, adem\u00e1s de los responsables de los Consejos y Organismos de Ciencia, Tecnolog\u00eda e Innovaci\u00f3n de las 32 entidades federativas, as\u00ed como representantes del sector empresarial y acad\u00e9mico.<\/p>\n","protected":false},"excerpt":{"rendered":"<p>Con un llamado a los diputados locales y al sector privado a trabajar de manera coordinada y realizar los esfuerzos y ajustes necesarios para destinar m\u00e1s recursos a la ciencia, tecnolog\u00eda e innovaci\u00f3n, el Gobernador Constitucional, inaugur\u00f3 la segunda sesi\u00f3n ordinaria de la Conferencia Nacional en la materia que se realiza en esta capital michoacana.<\/p>\n","protected":false},"author":1,"featured_media":27592,"comment_status":"open","ping_status":"open","sticky":false,"template":"","format":"standard","meta":{"footnotes":""},"categories":[14,3],"tags":[],"class_list":["post-27591","post","type-post","status-publish","format-standard","has-post-thumbnail","hentry","category-destacadas","category-gobierno-del-estado-de-michoacan"],"_links":{"self":[{"href":"https:\/\/radiowebmx.com\/nota\/wp-json\/wp\/v2\/posts\/27591","targetHints":{"allow":["GET"]}}],"collection":[{"href":"https:\/\/radiowebmx.com\/nota\/wp-json\/wp\/v2\/posts"}],"about":[{"href":"https:\/\/radiowebmx.com\/nota\/wp-json\/wp\/v2\/types\/post"}],"author":[{"embeddable":true,"href":"https:\/\/radiowebmx.com\/nota\/wp-json\/wp\/v2\/users\/1"}],"replies":[{"embeddable":true,"href":"https:\/\/radiowebmx.com\/nota\/wp-json\/wp\/v2\/comments?post=27591"}],"version-history":[{"count":1,"href":"https:\/\/radiowebmx.com\/nota\/wp-json\/wp\/v2\/posts\/27591\/revisions"}],"predecessor-version":[{"id":27593,"href":"https:\/\/radiowebmx.com\/nota\/wp-json\/wp\/v2\/posts\/27591\/revisions\/27593"}],"wp:featuredmedia":[{"embeddable":true,"href":"https:\/\/radiowebmx.com\/nota\/wp-json\/wp\/v2\/media\/27592"}],"wp:attachment":[{"href":"https:\/\/radiowebmx.com\/nota\/wp-json\/wp\/v2\/media?parent=27591"}],"wp:term":[{"taxonomy":"category","embeddable":true,"href":"https:\/\/radiowebmx.com\/nota\/wp-json\/wp\/v2\/categories?post=27591"},{"taxonomy":"post_tag","embeddable":true,"href":"https:\/\/radiowebmx.com\/nota\/wp-json\/wp\/v2\/tags?post=27591"}],"curies":[{"name":"wp","href":"https:\/\/api.w.org\/{rel}","templated":true}]}}