{"id":27588,"date":"2016-11-11T14:54:00","date_gmt":"2016-11-11T20:54:00","guid":{"rendered":"https:\/\/radiowebmx.com\/nota\/?p=27588"},"modified":"2016-11-11T14:54:00","modified_gmt":"2016-11-11T20:54:00","slug":"consolida-colegio-de-morelia-ciclo-de-talleres-empresariales-para-noviembre","status":"publish","type":"post","link":"https:\/\/radiowebmx.com\/nota\/consolida-colegio-de-morelia-ciclo-de-talleres-empresariales-para-noviembre\/","title":{"rendered":"Consolida Colegio de Morelia ciclo de talleres empresariales para noviembre"},"content":{"rendered":"<p>Con la finalidad de promover y fomentar el emprendimiento de los j\u00f3venes, as\u00ed como la capacitaci\u00f3n de empresarios locales, el Colegio de Morelia tiene lista una serie de talleres empresariales que inician este mes de noviembre.<\/p>\n<p>El Director General del Colegio, Alejandro Amante Urbina, se\u00f1al\u00f3 que el ciclo de talleres propios y con NAFIN, forma parte de un programa completo cuyo objetivo es proporcionar bases firmes y brindar conocimientos fundamentales en temas de formaci\u00f3n y gesti\u00f3n empresarial a emprendedores y empresarios de MIPYMES de Morelia.<\/p>\n<p>Alejandro Amante Urbina inform\u00f3 que en un esfuerzo de alinear los programas del Colegio de Morelia con los grandes objetivos del Gobierno que encabeza el Presidente Municipal, Alfonso Mart\u00ednez Alc\u00e1zar, se realizan actividades espec\u00edficas de emprendimiento e innovaci\u00f3n para incursionar de forma m\u00e1s eficiente en la puesta en marcha y desarrollo de proyectos de negocios que beneficien a la poblaci\u00f3n del municipio de Morelia.<\/p>\n<p>Detall\u00f3 que el calendario de cursos de capacitaci\u00f3n ser\u00e1: s\u00e1bado 12 de noviembre, \u201cC\u00f3mo llegar a m\u00e1s clientes a trav\u00e9s de Facebook\u201d con un horario de 10:00 a 14:00 horas. Cabe destacar que el taller ser\u00e1 impartido por Cinthia Hern\u00e1ndez, certificada como Community Manager, con una cuota de recuperaci\u00f3n de $100.00. Mi\u00e9rcoles 16 de noviembre, \u201cEl capital humano es la PYME\u201d con un horario de 10:00 a 14:00 horas, entrada libre.<\/p>\n<p>Para mayor informaci\u00f3n, los interesados pueden llamar al Tel\u00e9fono: (443) 299 16 06 y 359 76 74 ext. 317 o dirigirse a la oficina ubicada en Av. Guadalupe Victoria 2225, Lomas de Santiaguito, C.P. 58120, Morelia, Michoac\u00e1n.<\/p>\n","protected":false},"excerpt":{"rendered":"<p>Con la finalidad de promover y fomentar el emprendimiento de los j\u00f3venes, as\u00ed como la capacitaci\u00f3n de empresarios locales, el Colegio de Morelia tiene lista una serie de talleres empresariales que inician este mes de noviembre.<\/p>\n","protected":false},"author":1,"featured_media":27589,"comment_status":"open","ping_status":"open","sticky":false,"template":"","format":"standard","meta":{"footnotes":""},"categories":[14,9],"tags":[],"class_list":["post-27588","post","type-post","status-publish","format-standard","has-post-thumbnail","hentry","category-destacadas","category-morelia"],"_links":{"self":[{"href":"https:\/\/radiowebmx.com\/nota\/wp-json\/wp\/v2\/posts\/27588","targetHints":{"allow":["GET"]}}],"collection":[{"href":"https:\/\/radiowebmx.com\/nota\/wp-json\/wp\/v2\/posts"}],"about":[{"href":"https:\/\/radiowebmx.com\/nota\/wp-json\/wp\/v2\/types\/post"}],"author":[{"embeddable":true,"href":"https:\/\/radiowebmx.com\/nota\/wp-json\/wp\/v2\/users\/1"}],"replies":[{"embeddable":true,"href":"https:\/\/radiowebmx.com\/nota\/wp-json\/wp\/v2\/comments?post=27588"}],"version-history":[{"count":1,"href":"https:\/\/radiowebmx.com\/nota\/wp-json\/wp\/v2\/posts\/27588\/revisions"}],"predecessor-version":[{"id":27590,"href":"https:\/\/radiowebmx.com\/nota\/wp-json\/wp\/v2\/posts\/27588\/revisions\/27590"}],"wp:featuredmedia":[{"embeddable":true,"href":"https:\/\/radiowebmx.com\/nota\/wp-json\/wp\/v2\/media\/27589"}],"wp:attachment":[{"href":"https:\/\/radiowebmx.com\/nota\/wp-json\/wp\/v2\/media?parent=27588"}],"wp:term":[{"taxonomy":"category","embeddable":true,"href":"https:\/\/radiowebmx.com\/nota\/wp-json\/wp\/v2\/categories?post=27588"},{"taxonomy":"post_tag","embeddable":true,"href":"https:\/\/radiowebmx.com\/nota\/wp-json\/wp\/v2\/tags?post=27588"}],"curies":[{"name":"wp","href":"https:\/\/api.w.org\/{rel}","templated":true}]}}