{"id":2754,"date":"2013-05-28T13:06:04","date_gmt":"2013-05-28T18:06:04","guid":{"rendered":"https:\/\/radiowebmx.com\/nota\/?p=2754"},"modified":"2013-05-28T13:06:04","modified_gmt":"2013-05-28T18:06:04","slug":"revisan-jesus-reyna-y-jorge-carlos-ramirez-proyectos-integrales-conjuntos-para-michoacan","status":"publish","type":"post","link":"https:\/\/radiowebmx.com\/nota\/revisan-jesus-reyna-y-jorge-carlos-ramirez-proyectos-integrales-conjuntos-para-michoacan\/","title":{"rendered":"REVISAN JES\u00daS REYNA Y JORGE CARLOS RAM\u00cdREZ PROYECTOS INTEGRALES CONJUNTOS PARA MICHOAC\u00c1N"},"content":{"rendered":"<p><a href=\"https:\/\/radiowebmx.com\/nota\/wp-content\/uploads\/2013\/05\/DSC_8172.jpg\"><img loading=\"lazy\" decoding=\"async\" class=\"alignleft size-full wp-image-2755\" title=\"DSC_8172\" src=\"https:\/\/radiowebmx.com\/nota\/wp-content\/uploads\/2013\/05\/DSC_8172.jpg\" alt=\"\" width=\"591\" height=\"240\" \/><\/a>En su sexta visita a la entidad en lo que va del presente a\u00f1o, el enlace del presidente de M\u00e9xico Enrique Pe\u00f1a Nieto con la entidad, Jorge Carlos Ram\u00edrez Mar\u00edn, sostuvo una reuni\u00f3n de trabajo con el gobernador Jes\u00fas Reyna Garc\u00eda, en que se plantearon diversos temas como obra p\u00fablica, inversiones, desarrollo y lo referente al tema financiero, \u00a0adem\u00e1s de revisar los proyectos conjuntos Estado-Federaci\u00f3n que permitir\u00e1n continuar con una estrategia integral para Michoac\u00e1n.<\/p>\n<p>Como parte de las acciones que implementan los gobiernos estatal y federal para contribuir al bienestar social\u00a0 y desarrollo de los michoacanos, el tambi\u00e9n titular de la Secretar\u00eda de Desarrollo Agrario, Territorial y Urbano federal (SEDATU), anunci\u00f3 que se implementar\u00e1 un programa especial para Michoac\u00e1n de vivienda que de inicio pretende construir cerca de mil 500 hogares de inter\u00e9s social para familias de escasos recursos.<\/p>\n<p>Lo anterior, forma parte del programa y acciones que el gobernador Reyna Garc\u00eda propuso ante las autoridades federales.<\/p>\n<p>Ram\u00edrez Mar\u00edn record\u00f3 que la Presidencia de la Rep\u00fablica, tiene todo el inter\u00e9s y disposici\u00f3n de continuar con el impulso al desarrollo econ\u00f3mico, social y de seguridad en Michoac\u00e1n.<\/p>\n<p>De igual manera, se\u00f1al\u00f3 que Michoac\u00e1n requiere para tener mayor estabilidad socioecon\u00f3mica, de una serie de trabajos en diferentes \u00e1reas que inhiban sobre todo la participaci\u00f3n de los j\u00f3venes en actividades delictivas, por lo que este programa de vivienda vendr\u00e1 a sumarse a ese prop\u00f3sito para buscar que los michoacanos tengan las condiciones b\u00e1sicas para vivir bien con su familia, y as\u00ed evitar los hacinamientos.<\/p>\n<p>Ratific\u00f3 que recuperar la tranquilidad en nuestro estado es algo que necesita de un programa integral, pues la presencia de las fuerzas federales viene acompa\u00f1ada de acciones encaminadas a detonar el desarrollo econ\u00f3mico, recuperar el tejido social y acercar mayor bienestar a las familias.<\/p>\n<p>En tanto que el gobernador Jes\u00fas Reyna, manifest\u00f3 que programas como \u00e9ste, vienen a ratificar una vez m\u00e1s el apoyo e inter\u00e9s del gobierno federal por fortalecer las instituciones del estado de Michoac\u00e1n, a la sociedad misma y responder a la petici\u00f3n de los michoacanos de contar con seguridad y desarrollo. Adem\u00e1s que estas reuniones de trabajo ser\u00e1n permanente en la entidad.<\/p>\n<p>Por esta raz\u00f3n, ante la noticia de este beneficio en materia de vivienda, de inmediato instruy\u00f3 a los titulares de la Coordinaci\u00f3n de Planeaci\u00f3n para el Desarrollo del estado (Cplade), de la Secretar\u00eda de Urbanismo y Medio Ambiente (SUMA) y del Instituto de Vivienda del estado (IVEM), para que revisen las reservas territoriales de patrimonio estatal y toda la documentaci\u00f3n que se requiere para a la brevedad, echar a andar este programa de vivienda.<\/p>\n<p>Acompa\u00f1aron al gobernador Reyna Garc\u00eda en esta reuni\u00f3n, el secretario de Finanzas y Administraci\u00f3n estatal, Carlos R\u00edo Valencia; el coordinador de Cplade, Octavio Aparicio Mendoza; adem\u00e1s del jefe de la oficina adjunta al despacho del gobernador, Guillermo Guzm\u00e1n Fuentes. Mientras que con el secretario de SEDATU, asisti\u00f3 el subsecretario de Ordenamiento Territorial, Gustavo C\u00e1rdenas Monroy.<\/p>\n","protected":false},"excerpt":{"rendered":"<p>En su sexta visita a la entidad en lo que va del presente a\u00f1o, el enlace del presidente de M\u00e9xico Enrique Pe\u00f1a Nieto con la entidad, Jorge Carlos Ram\u00edrez Mar\u00edn, sostuvo una reuni\u00f3n de trabajo con el gobernador Jes\u00fas Reyna Garc\u00eda, en que se plantearon diversos temas como obra p\u00fablica<\/p>\n","protected":false},"author":1,"featured_media":0,"comment_status":"open","ping_status":"open","sticky":false,"template":"","format":"standard","meta":{"footnotes":""},"categories":[14,3],"tags":[],"class_list":["post-2754","post","type-post","status-publish","format-standard","hentry","category-destacadas","category-gobierno-del-estado-de-michoacan"],"_links":{"self":[{"href":"https:\/\/radiowebmx.com\/nota\/wp-json\/wp\/v2\/posts\/2754","targetHints":{"allow":["GET"]}}],"collection":[{"href":"https:\/\/radiowebmx.com\/nota\/wp-json\/wp\/v2\/posts"}],"about":[{"href":"https:\/\/radiowebmx.com\/nota\/wp-json\/wp\/v2\/types\/post"}],"author":[{"embeddable":true,"href":"https:\/\/radiowebmx.com\/nota\/wp-json\/wp\/v2\/users\/1"}],"replies":[{"embeddable":true,"href":"https:\/\/radiowebmx.com\/nota\/wp-json\/wp\/v2\/comments?post=2754"}],"version-history":[{"count":2,"href":"https:\/\/radiowebmx.com\/nota\/wp-json\/wp\/v2\/posts\/2754\/revisions"}],"predecessor-version":[{"id":2757,"href":"https:\/\/radiowebmx.com\/nota\/wp-json\/wp\/v2\/posts\/2754\/revisions\/2757"}],"wp:attachment":[{"href":"https:\/\/radiowebmx.com\/nota\/wp-json\/wp\/v2\/media?parent=2754"}],"wp:term":[{"taxonomy":"category","embeddable":true,"href":"https:\/\/radiowebmx.com\/nota\/wp-json\/wp\/v2\/categories?post=2754"},{"taxonomy":"post_tag","embeddable":true,"href":"https:\/\/radiowebmx.com\/nota\/wp-json\/wp\/v2\/tags?post=2754"}],"curies":[{"name":"wp","href":"https:\/\/api.w.org\/{rel}","templated":true}]}}