{"id":27440,"date":"2016-11-09T10:28:33","date_gmt":"2016-11-09T16:28:33","guid":{"rendered":"https:\/\/radiowebmx.com\/nota\/?p=27440"},"modified":"2016-11-09T10:28:33","modified_gmt":"2016-11-09T16:28:33","slug":"ayuntamiento-de-morelia-revisa-cierre-de-ejercicio-presupuestal-2016","status":"publish","type":"post","link":"https:\/\/radiowebmx.com\/nota\/ayuntamiento-de-morelia-revisa-cierre-de-ejercicio-presupuestal-2016\/","title":{"rendered":"Ayuntamiento de Morelia revisa cierre de ejercicio presupuestal 2016"},"content":{"rendered":"<p>En reuni\u00f3n de trabajo de la Comisi\u00f3n de Planeaci\u00f3n, Programaci\u00f3n y Desarrollo que coordina la Regidora, Kathia Elena Ortiz \u00c1vila y la integran Jorge Luis Tinoco Ortiz y Osvaldo Ruiz Ram\u00edrez, se analiz\u00f3 el escenario para el final del ejercicio presupuestal 2016.<\/p>\n<p>Tinoco Ortiz record\u00f3 que se atiende una ruta importante para poder ejecutar el recurso disponible a la brevedad en beneficio de la poblaci\u00f3n de la capital de Michoac\u00e1n, para que estos recursos que se traduzcan en m\u00e1s y mejores obras.<\/p>\n<p>Por su parte, Kathia Ortiz asegur\u00f3 que en la Administraci\u00f3n Municipal que encabeza el Alcalde, Alfonso Mart\u00ednez Alc\u00e1zar, en coordinaci\u00f3n con Tesorer\u00eda y la Secretar\u00eda de Efectividad e Innovaci\u00f3n Gubernamental se plantean estrategias para el desahogo y avance de las edificaciones en proceso.<\/p>\n<p>Asimismo, los Regidores aplaudieron los avances que se tiene la ejecuci\u00f3n del proyecto del Centro Administrativo de Morelia (CAM), con lo cual se encuentran las bases listas de la convocatoria p\u00fablica y nacional donde diversas empresas de todo el pa\u00eds presentar\u00e1n la mejor propuesta para el desarrollo de esa importante obra para la capital de Michoac\u00e1n, y que pondr\u00e1 al municipio a la vanguardia en prestaci\u00f3n de servicios.<\/p>\n<p>Cabe recordar que la licitaci\u00f3n contempla el dise\u00f1o, construcci\u00f3n, equipamiento, financiamiento, operaci\u00f3n y mantenimiento del CAM, en el cual se busca ofrecer un nivel de servicio, mantenimiento y operaci\u00f3n \u00f3ptimos para los morelianos.<\/p>\n<p>De esta forma las \u00e1reas de Cabildo como la Comisi\u00f3n de Planeaci\u00f3n, Programaci\u00f3n y Desarrollo trabajan para fortalecer sus labores en beneficio de la ciudadan\u00eda y que el cierre del presente a\u00f1o traiga mejores acciones en pro de la transformaci\u00f3n de la ciudad.<\/p>\n","protected":false},"excerpt":{"rendered":"<p>En reuni\u00f3n de trabajo de la Comisi\u00f3n de Planeaci\u00f3n, Programaci\u00f3n y Desarrollo que coordina la Regidora, Kathia Elena Ortiz \u00c1vila y la integran Jorge Luis Tinoco Ortiz y Osvaldo Ruiz Ram\u00edrez, se analiz\u00f3 el escenario para el final del ejercicio presupuestal 2016.<\/p>\n","protected":false},"author":1,"featured_media":27441,"comment_status":"open","ping_status":"open","sticky":false,"template":"","format":"standard","meta":{"footnotes":""},"categories":[14,9],"tags":[],"class_list":["post-27440","post","type-post","status-publish","format-standard","has-post-thumbnail","hentry","category-destacadas","category-morelia"],"_links":{"self":[{"href":"https:\/\/radiowebmx.com\/nota\/wp-json\/wp\/v2\/posts\/27440","targetHints":{"allow":["GET"]}}],"collection":[{"href":"https:\/\/radiowebmx.com\/nota\/wp-json\/wp\/v2\/posts"}],"about":[{"href":"https:\/\/radiowebmx.com\/nota\/wp-json\/wp\/v2\/types\/post"}],"author":[{"embeddable":true,"href":"https:\/\/radiowebmx.com\/nota\/wp-json\/wp\/v2\/users\/1"}],"replies":[{"embeddable":true,"href":"https:\/\/radiowebmx.com\/nota\/wp-json\/wp\/v2\/comments?post=27440"}],"version-history":[{"count":1,"href":"https:\/\/radiowebmx.com\/nota\/wp-json\/wp\/v2\/posts\/27440\/revisions"}],"predecessor-version":[{"id":27442,"href":"https:\/\/radiowebmx.com\/nota\/wp-json\/wp\/v2\/posts\/27440\/revisions\/27442"}],"wp:featuredmedia":[{"embeddable":true,"href":"https:\/\/radiowebmx.com\/nota\/wp-json\/wp\/v2\/media\/27441"}],"wp:attachment":[{"href":"https:\/\/radiowebmx.com\/nota\/wp-json\/wp\/v2\/media?parent=27440"}],"wp:term":[{"taxonomy":"category","embeddable":true,"href":"https:\/\/radiowebmx.com\/nota\/wp-json\/wp\/v2\/categories?post=27440"},{"taxonomy":"post_tag","embeddable":true,"href":"https:\/\/radiowebmx.com\/nota\/wp-json\/wp\/v2\/tags?post=27440"}],"curies":[{"name":"wp","href":"https:\/\/api.w.org\/{rel}","templated":true}]}}