{"id":27437,"date":"2016-11-09T10:18:59","date_gmt":"2016-11-09T16:18:59","guid":{"rendered":"https:\/\/radiowebmx.com\/nota\/?p=27437"},"modified":"2016-11-09T10:18:59","modified_gmt":"2016-11-09T16:18:59","slug":"el-cobaem-por-una-cultura-de-la-paz-en-michoacan","status":"publish","type":"post","link":"https:\/\/radiowebmx.com\/nota\/el-cobaem-por-una-cultura-de-la-paz-en-michoacan\/","title":{"rendered":"El Cobaem, por una cultura de la paz en Michoac\u00e1n"},"content":{"rendered":"<p><strong>Morelia, Michoac\u00e1n, a 8 de noviembre de 2016.-<\/strong> Crear un ambiente propicio para la paz duradera es un proceso que implica grandes retos; por ello, el Gobernador Silvano Aureoles Conejo promulg\u00f3 la Ley para una Cultura de Paz y Prevenci\u00f3n de la Violencia y Delincuencia en el Estado.<\/p>\n<p>Aunado a ello, el Colegio de Bachilleres del Estado de Michoac\u00e1n (Cobaem) es pionero en impulsar un programa transversal de Cultura de Paz en beneficio de los 50 mil estudiantes de este subsistema educativo.<\/p>\n<p>Es por ello que los pr\u00f3ximos 10 y 11 de noviembre se llevar\u00e1 a cabo el Encuentro de J\u00f3venes \u201cCobaem: Hacia una Cultura de Paz\u201d, donde la presidenta del Comit\u00e9 Internacional de la Bandera de la Paz, ONG-ONU, Alicia Rodr\u00edguez, otorgar\u00e1 la Bandera de la Paz a los 127 centros educativos del subsistema.<\/p>\n<p>Por su parte, el presidente de la Comisi\u00f3n Estatal de Derechos Humanos, V\u00edctor Manuel Serrato Lozano, tomar\u00e1 protesta a m\u00e1s mil estudiantes que integran la Red Estatal de J\u00f3venes Promotores y Divulgadores de los Derechos Humanos.<\/p>\n<p>El director general del Cobaem, Alejandro Bustos Aguilar, destac\u00f3 que el subsistema tiene como objetivo construir en los j\u00f3venes una mejor forma de pensar logrando con ello que se viva un ambiente sano, sin violencia y con respeto.<\/p>\n<p>\u201cEsta red de j\u00f3venes trabajar\u00e1 los 365 d\u00edas del a\u00f1o promoviendo diversas actividades no s\u00f3lo en su escuela, sino tambi\u00e9n en sus hogares y municipios\u201d, apunt\u00f3.<\/p>\n<p>Por \u00faltimo, dijo que en el Encuentro habr\u00e1 conferencias y talleres impartidos por personas de prestigio en el tema, as\u00ed como concursos de fotograf\u00eda y carteles.<\/p>\n","protected":false},"excerpt":{"rendered":"<p>Crear un ambiente propicio para la paz duradera es un proceso que implica grandes retos; por ello, el Gobernador Silvano Aureoles Conejo promulg\u00f3 la Ley para una Cultura de Paz y Prevenci\u00f3n de la Violencia y Delincuencia en el Estado.<\/p>\n","protected":false},"author":1,"featured_media":27438,"comment_status":"open","ping_status":"open","sticky":false,"template":"","format":"standard","meta":{"footnotes":""},"categories":[14,3],"tags":[],"class_list":["post-27437","post","type-post","status-publish","format-standard","has-post-thumbnail","hentry","category-destacadas","category-gobierno-del-estado-de-michoacan"],"_links":{"self":[{"href":"https:\/\/radiowebmx.com\/nota\/wp-json\/wp\/v2\/posts\/27437","targetHints":{"allow":["GET"]}}],"collection":[{"href":"https:\/\/radiowebmx.com\/nota\/wp-json\/wp\/v2\/posts"}],"about":[{"href":"https:\/\/radiowebmx.com\/nota\/wp-json\/wp\/v2\/types\/post"}],"author":[{"embeddable":true,"href":"https:\/\/radiowebmx.com\/nota\/wp-json\/wp\/v2\/users\/1"}],"replies":[{"embeddable":true,"href":"https:\/\/radiowebmx.com\/nota\/wp-json\/wp\/v2\/comments?post=27437"}],"version-history":[{"count":1,"href":"https:\/\/radiowebmx.com\/nota\/wp-json\/wp\/v2\/posts\/27437\/revisions"}],"predecessor-version":[{"id":27439,"href":"https:\/\/radiowebmx.com\/nota\/wp-json\/wp\/v2\/posts\/27437\/revisions\/27439"}],"wp:featuredmedia":[{"embeddable":true,"href":"https:\/\/radiowebmx.com\/nota\/wp-json\/wp\/v2\/media\/27438"}],"wp:attachment":[{"href":"https:\/\/radiowebmx.com\/nota\/wp-json\/wp\/v2\/media?parent=27437"}],"wp:term":[{"taxonomy":"category","embeddable":true,"href":"https:\/\/radiowebmx.com\/nota\/wp-json\/wp\/v2\/categories?post=27437"},{"taxonomy":"post_tag","embeddable":true,"href":"https:\/\/radiowebmx.com\/nota\/wp-json\/wp\/v2\/tags?post=27437"}],"curies":[{"name":"wp","href":"https:\/\/api.w.org\/{rel}","templated":true}]}}