{"id":27416,"date":"2016-11-08T13:53:29","date_gmt":"2016-11-08T19:53:29","guid":{"rendered":"https:\/\/radiowebmx.com\/nota\/?p=27416"},"modified":"2016-11-08T13:53:29","modified_gmt":"2016-11-08T19:53:29","slug":"todo-listo-para-la-expo-rural-morelia-2016","status":"publish","type":"post","link":"https:\/\/radiowebmx.com\/nota\/todo-listo-para-la-expo-rural-morelia-2016\/","title":{"rendered":"Todo listo para la Expo Rural Morelia 2016"},"content":{"rendered":"<p>M\u00e1s de una treintena de expositores ganaderos, artesanos y cocineras tradicionales de las 14 tenencias de Morelia, se encuentran listos para mostrar lo mejor de sus productos en la Expo Rural 2016, a celebrarse del 2 al 4 de diciembre en la comunidad de San Rafael Coapa de esta ciudad, y cuyo prop\u00f3sito principal es fortalecer el campo en el municipio.<\/p>\n<p>Lo anterior lo anunciaron autoridades municipales en la rueda de prensa encabezada por el S\u00edndico Municipal, Fabio Sistos Rangel; los Regidores integrantes de la comisi\u00f3n de Desarrollo Rural, Salvador Arvizu Cisneros, Claudia L\u00e1zaro Medina y Adela Alejandre Flores, la Secretaria de Desarrollo Econ\u00f3mico y Emprendedor, Ireri Rivera Garc\u00eda; Jefes de Tenencia y productores morelianos.<\/p>\n<p>Tras reconocer el esfuerzo de la Comisi\u00f3n de Desarrollo Rural del Ayuntamiento capitalino al ser los impulsores de la misma, el S\u00edndico, Fabio Sistos, asegur\u00f3 que ya est\u00e1 todo listo para llevar a cabo la fiesta rural en un \u00e1mbito familiar y de sana convivencia.<\/p>\n<p>\u201cLa instrucci\u00f3n del Presidente Municipal, Alfonso Mart\u00ednez, es dar todo el apoyo que se pueda a cada uno de los productores y una muestra de ello es el desarrollo de la Expo Rural 2016, para esto se ha trabajado en conjunto con diversas autoridades en el que ser\u00e1 el evento del a\u00f1o del campo y en el cual buscamos mejorar las condiciones de la ganader\u00eda, fortalecer la producci\u00f3n de semillas, as\u00ed como el arte de la gen\u00e9tica en el campo\u201d, acot\u00f3.<\/p>\n<p>En su oportunidad, la Regidora, Claudia L\u00e1zaro, refiri\u00f3 que en esta ocasi\u00f3n se conform\u00f3 un Comit\u00e9 de Organizaci\u00f3n, donde participan Jefes de Tenencia, integrantes del Centro de Acopio Ganadero de San Rafael Coapa, as\u00ed como autoridades municipales, quienes coadyuvan en conjunto para ofrecer un evento de calidad.<\/p>\n<p>Detall\u00f3 que la fiesta ganadera contar\u00e1 con diversas \u00e1reas, entre las que destaca la exposici\u00f3n Ganadera, la zona gastron\u00f3mica, artesanal, el \u00e1rea de juegos infantiles, la exposici\u00f3n de maquinaria agropecuaria, jaripeo, as\u00ed como mezcaler\u00edas, y en donde adem\u00e1s se tiene contemplado una variedad de eventos culturales.<\/p>\n<p>Por su parte, el Presidente de la Comisi\u00f3n de Desarrollo Rural, Salvador Arvizu, hizo \u00e9nfasis en el inter\u00e9s del Alcalde, Alfonso Mart\u00ednez Alc\u00e1zar, de apoyar para que la Expo Rural fuera posible, al tiempo que resalt\u00f3 la excelente coordinaci\u00f3n entre los actores involucrados, \u201cde esta manera seguiremos trabajando por impulsar el campo en el municipio\u201d, agreg\u00f3.<\/p>\n<p>Al hacer uso de la voz, la Secretaria de Desarrollo Econ\u00f3mico y Emprendedor, Ireri Rivera, se sum\u00f3 a esta coordinaci\u00f3n en equipo para generar mejores condiciones agropecuarias en Morelia, y mencion\u00f3 que es una prioridad de esta Administraci\u00f3n proyectar la riqueza ganadera y artesanal de las 14 Tenencias.<\/p>\n<p>Mientras que el Jefe de Tenencia de Santiago Undameo, Jos\u00e9 Luis Guzm\u00e1n Cort\u00e9s, reconoci\u00f3 la voluntad del Gobierno Municipal de trabajar en conjunto para mejorar la econom\u00eda local e impulsar el turismo en todos los rincones de la capital michoacana.<\/p>\n<p>Cabe mencionar, que entre las actividades que se realizar\u00e1n en la Expo Rural 2016, destaca la exhibici\u00f3n de toros, as\u00ed como la presentaci\u00f3n de imitadores como el Buki, Paquita la del Barrio y Juan Gabriel y de las bandas K-Wicha, y el grupo Cadetes de Linares.<\/p>\n","protected":false},"excerpt":{"rendered":"<p>M\u00e1s de una treintena de expositores ganaderos, artesanos y cocineras tradicionales de las 14 tenencias de Morelia, se encuentran listos para mostrar lo mejor de sus productos en la Expo Rural 2016, a celebrarse del 2 al 4 de diciembre en la comunidad de San Rafael Coapa de esta ciudad, y cuyo prop\u00f3sito principal es fortalecer el campo en el municipio.<\/p>\n","protected":false},"author":1,"featured_media":27417,"comment_status":"open","ping_status":"open","sticky":false,"template":"","format":"standard","meta":{"footnotes":""},"categories":[14,9],"tags":[],"class_list":["post-27416","post","type-post","status-publish","format-standard","has-post-thumbnail","hentry","category-destacadas","category-morelia"],"_links":{"self":[{"href":"https:\/\/radiowebmx.com\/nota\/wp-json\/wp\/v2\/posts\/27416","targetHints":{"allow":["GET"]}}],"collection":[{"href":"https:\/\/radiowebmx.com\/nota\/wp-json\/wp\/v2\/posts"}],"about":[{"href":"https:\/\/radiowebmx.com\/nota\/wp-json\/wp\/v2\/types\/post"}],"author":[{"embeddable":true,"href":"https:\/\/radiowebmx.com\/nota\/wp-json\/wp\/v2\/users\/1"}],"replies":[{"embeddable":true,"href":"https:\/\/radiowebmx.com\/nota\/wp-json\/wp\/v2\/comments?post=27416"}],"version-history":[{"count":1,"href":"https:\/\/radiowebmx.com\/nota\/wp-json\/wp\/v2\/posts\/27416\/revisions"}],"predecessor-version":[{"id":27418,"href":"https:\/\/radiowebmx.com\/nota\/wp-json\/wp\/v2\/posts\/27416\/revisions\/27418"}],"wp:featuredmedia":[{"embeddable":true,"href":"https:\/\/radiowebmx.com\/nota\/wp-json\/wp\/v2\/media\/27417"}],"wp:attachment":[{"href":"https:\/\/radiowebmx.com\/nota\/wp-json\/wp\/v2\/media?parent=27416"}],"wp:term":[{"taxonomy":"category","embeddable":true,"href":"https:\/\/radiowebmx.com\/nota\/wp-json\/wp\/v2\/categories?post=27416"},{"taxonomy":"post_tag","embeddable":true,"href":"https:\/\/radiowebmx.com\/nota\/wp-json\/wp\/v2\/tags?post=27416"}],"curies":[{"name":"wp","href":"https:\/\/api.w.org\/{rel}","templated":true}]}}