{"id":27407,"date":"2016-11-08T13:26:05","date_gmt":"2016-11-08T19:26:05","guid":{"rendered":"https:\/\/radiowebmx.com\/nota\/?p=27407"},"modified":"2016-11-08T13:26:05","modified_gmt":"2016-11-08T19:26:05","slug":"ernesto-nunez-apoya-el-deporte-en-estudiantes-de-primaria","status":"publish","type":"post","link":"https:\/\/radiowebmx.com\/nota\/ernesto-nunez-apoya-el-deporte-en-estudiantes-de-primaria\/","title":{"rendered":"Ernesto N\u00fa\u00f1ez apoya el deporte en estudiantes de primaria"},"content":{"rendered":"<p class=\"x_MsoNormal\"><b>Morelia; Michoac\u00e1n, 08 de noviembre de 2016.-<\/b> <span lang=\"ES\">Para apoyar el deporte en alumnos de educaci\u00f3n b\u00e1sica, el diputado local Ernesto N\u00fa\u00f1ez Aguilar realiz\u00f3 un donativo \u00a0de trofeos y medallas a la Escuela Primaria Escudo Nacional luego de que esta instituci\u00f3n diera inicio al Primer Encuentro Deportivo de zona 212.<\/span><\/p>\n<p class=\"x_MsoNormal\"><span lang=\"ES\">Como invitado de honor, el legislador del Partido Verde Ecologista de M\u00e9xico (PVEM) particip\u00f3 en el arranque de esta actividad que consider\u00f3 forma parte importante para el desarrollo f\u00edsico e intelectual de todos los ni\u00f1os y j\u00f3venes michoacanos.<\/span><\/p>\n<p class=\"x_MsoNormal\">\n<p class=\"x_MsoNormal\"><span lang=\"ES\">Durante el evento, N\u00fa\u00f1ez Aguilar reconoci\u00f3 a la escuela la programaci\u00f3n de torneos con los alumnos ya que, agreg\u00f3, es una manera positiva de que inviertan toda su energ\u00eda en diferentes disciplinas deportivas.<\/span><\/p>\n<p class=\"x_MsoNormal\">\n<p class=\"x_MsoNormal\"><span lang=\"ES\">Adem\u00e1s destac\u00f3 que continuar\u00e1 trabajando para apoyar, como ya lo ha hecho, en el crecimiento y desarrollo institucional de la escuela primaria.<\/span><\/p>\n","protected":false},"excerpt":{"rendered":"<p>Para apoyar el deporte en alumnos de educaci\u00f3n b\u00e1sica, el diputado local Ernesto N\u00fa\u00f1ez Aguilar realiz\u00f3 un donativo  de trofeos y medallas a la Escuela Primaria Escudo Nacional luego de que esta instituci\u00f3n diera inicio al Primer Encuentro Deportivo de zona 212.<\/p>\n","protected":false},"author":1,"featured_media":27408,"comment_status":"open","ping_status":"open","sticky":false,"template":"","format":"standard","meta":{"footnotes":""},"categories":[6,14,7],"tags":[],"class_list":["post-27407","post","type-post","status-publish","format-standard","has-post-thumbnail","hentry","category-congreso-del-estado","category-destacadas","category-grupo-parlamentario-del-pri"],"_links":{"self":[{"href":"https:\/\/radiowebmx.com\/nota\/wp-json\/wp\/v2\/posts\/27407","targetHints":{"allow":["GET"]}}],"collection":[{"href":"https:\/\/radiowebmx.com\/nota\/wp-json\/wp\/v2\/posts"}],"about":[{"href":"https:\/\/radiowebmx.com\/nota\/wp-json\/wp\/v2\/types\/post"}],"author":[{"embeddable":true,"href":"https:\/\/radiowebmx.com\/nota\/wp-json\/wp\/v2\/users\/1"}],"replies":[{"embeddable":true,"href":"https:\/\/radiowebmx.com\/nota\/wp-json\/wp\/v2\/comments?post=27407"}],"version-history":[{"count":1,"href":"https:\/\/radiowebmx.com\/nota\/wp-json\/wp\/v2\/posts\/27407\/revisions"}],"predecessor-version":[{"id":27409,"href":"https:\/\/radiowebmx.com\/nota\/wp-json\/wp\/v2\/posts\/27407\/revisions\/27409"}],"wp:featuredmedia":[{"embeddable":true,"href":"https:\/\/radiowebmx.com\/nota\/wp-json\/wp\/v2\/media\/27408"}],"wp:attachment":[{"href":"https:\/\/radiowebmx.com\/nota\/wp-json\/wp\/v2\/media?parent=27407"}],"wp:term":[{"taxonomy":"category","embeddable":true,"href":"https:\/\/radiowebmx.com\/nota\/wp-json\/wp\/v2\/categories?post=27407"},{"taxonomy":"post_tag","embeddable":true,"href":"https:\/\/radiowebmx.com\/nota\/wp-json\/wp\/v2\/tags?post=27407"}],"curies":[{"name":"wp","href":"https:\/\/api.w.org\/{rel}","templated":true}]}}