{"id":27402,"date":"2016-11-08T11:59:08","date_gmt":"2016-11-08T17:59:08","guid":{"rendered":"https:\/\/radiowebmx.com\/nota\/?p=27402"},"modified":"2016-11-08T11:59:08","modified_gmt":"2016-11-08T17:59:08","slug":"invita-ayuntamiento-a-jovenes-a-recoger-su-pre-cartilla-militar","status":"publish","type":"post","link":"https:\/\/radiowebmx.com\/nota\/invita-ayuntamiento-a-jovenes-a-recoger-su-pre-cartilla-militar\/","title":{"rendered":"Invita Ayuntamiento a j\u00f3venes a recoger su pre cartilla militar"},"content":{"rendered":"<p>El Ayuntamiento de Morelia que encabeza el Presidente Municipal, Alfonso Mart\u00ednez Alc\u00e1zar, a trav\u00e9s de la Junta Municipal de Reclutamiento, invita a los j\u00f3venes mayores de 18 a\u00f1os de la clase 1998, anticipados y remisos a recoger la pre cartilla militar para as\u00ed poder participar en el sorteo que se realizar\u00e1 el pr\u00f3ximo domingo en el auditorio del Bicentenario.<\/p>\n<p>El Director de la Junta Municipal de Reclutamiento, Arturo Nateras Espinosa, especific\u00f3 que faltan por recoger 990 documentos de los m\u00e1s de 4 mil j\u00f3venes que realizaron el tr\u00e1mite para poder cumplir con este requerimiento c\u00edvico.<\/p>\n<p>En este sentido, especific\u00f3 que tienen hasta el pr\u00f3ximo 11 de noviembre para acudir a la oficina de la Junta Local de Reclutamiento, ubicada en la calle Iretiticateme #971-B en la colonia F\u00e9lix Ireta.<\/p>\n<p>Nateras Espinosa, dio a conocer que para poder acceder a este sorteo tendr\u00e1n que tener en mano la pre cartilla militar por lo que es importante que acudan a recoger el documento a fin de que concluyan dicho tr\u00e1mite, de igual forma precis\u00f3 que el sorteo se realizar\u00e1 el domingo 13 de noviembre, a las 08:00 horas en el auditorio Bicentenario.<\/p>\n<p>Cabe mencionar que quienes salgan sorteados tendr\u00e1n que acudir a la zona militar correspondiente para ponerse a disposici\u00f3n de reserva para coadyuvar en la seguridad y defensa de la naci\u00f3n, contribuir al auxilio de la poblaci\u00f3n civil en caso de necesidades p\u00fablicas o de desastres naturales, as\u00ed como para fortalecer los valores morales y el respeto por los s\u00edmbolos patrios.<\/p>\n<p>Es de mencionar que mediante el sorteo los j\u00f3venes alistados participantes, tendr\u00e1n la oportunidad de acceder a dos posibles resultados: los \u201cencuadrados\u201d y los que cumplen \u201ca disponibilidad\u201d, los primeros obtienen bola blanca o azul, y los segundos bola negra.<\/p>\n<p>Quienes se pongan a disponibilidad tendr\u00e1n que realizar este servicio del dos de enero al 15 de octubre del 2016, en un horario sabatino de las 8:00 horas a las 13:00 horas.<\/p>\n","protected":false},"excerpt":{"rendered":"<p>El Ayuntamiento de Morelia que encabeza el Presidente Municipal, AMA, a trav\u00e9s de la Junta Municipal de Reclutamiento, invita a los j\u00f3venes mayores de 18 a\u00f1os de la clase 1998, anticipados y remisos a recoger la pre cartilla militar para as\u00ed poder participar en el sorteo que se realizar\u00e1 el pr\u00f3ximo domingo en el auditorio del Bicentenario.<\/p>\n","protected":false},"author":1,"featured_media":27403,"comment_status":"open","ping_status":"open","sticky":false,"template":"","format":"standard","meta":{"footnotes":""},"categories":[14,9],"tags":[],"class_list":["post-27402","post","type-post","status-publish","format-standard","has-post-thumbnail","hentry","category-destacadas","category-morelia"],"_links":{"self":[{"href":"https:\/\/radiowebmx.com\/nota\/wp-json\/wp\/v2\/posts\/27402","targetHints":{"allow":["GET"]}}],"collection":[{"href":"https:\/\/radiowebmx.com\/nota\/wp-json\/wp\/v2\/posts"}],"about":[{"href":"https:\/\/radiowebmx.com\/nota\/wp-json\/wp\/v2\/types\/post"}],"author":[{"embeddable":true,"href":"https:\/\/radiowebmx.com\/nota\/wp-json\/wp\/v2\/users\/1"}],"replies":[{"embeddable":true,"href":"https:\/\/radiowebmx.com\/nota\/wp-json\/wp\/v2\/comments?post=27402"}],"version-history":[{"count":1,"href":"https:\/\/radiowebmx.com\/nota\/wp-json\/wp\/v2\/posts\/27402\/revisions"}],"predecessor-version":[{"id":27404,"href":"https:\/\/radiowebmx.com\/nota\/wp-json\/wp\/v2\/posts\/27402\/revisions\/27404"}],"wp:featuredmedia":[{"embeddable":true,"href":"https:\/\/radiowebmx.com\/nota\/wp-json\/wp\/v2\/media\/27403"}],"wp:attachment":[{"href":"https:\/\/radiowebmx.com\/nota\/wp-json\/wp\/v2\/media?parent=27402"}],"wp:term":[{"taxonomy":"category","embeddable":true,"href":"https:\/\/radiowebmx.com\/nota\/wp-json\/wp\/v2\/categories?post=27402"},{"taxonomy":"post_tag","embeddable":true,"href":"https:\/\/radiowebmx.com\/nota\/wp-json\/wp\/v2\/tags?post=27402"}],"curies":[{"name":"wp","href":"https:\/\/api.w.org\/{rel}","templated":true}]}}