{"id":27398,"date":"2016-11-08T11:23:57","date_gmt":"2016-11-08T17:23:57","guid":{"rendered":"https:\/\/radiowebmx.com\/nota\/?p=27398"},"modified":"2016-11-08T11:23:57","modified_gmt":"2016-11-08T17:23:57","slug":"seremos-congruentes-el-prd-nace-del-movimiento-social-juan-pablo","status":"publish","type":"post","link":"https:\/\/radiowebmx.com\/nota\/seremos-congruentes-el-prd-nace-del-movimiento-social-juan-pablo\/","title":{"rendered":"Seremos congruentes, el PRD nace del movimiento social: Juan Pablo"},"content":{"rendered":"<p class=\"x_gmail-xmsonormal\"><b>Morelia; Michoac\u00e1n, 08 de noviembre de 2016.-\u00a0\u00a0<\/b>El Partido de la Revoluci\u00f3n Democr\u00e1tica naci\u00f3 del Movimiento Social, en honor a ello no podemos ser incongruentes y aprobar una ley que regula un derecho fundamental como lo es la libre manifestaci\u00f3n, as\u00ed lo asegur\u00f3 el Coordinador del Grupo Parlamentario del PRD, Juan Pablo Puebla Ar\u00e9valo, en entrevista realizada la ma\u00f1ana de este martes en las instalaciones de Radio Nicolaita en la capital michoacana.<\/p>\n<p class=\"x_gmail-xmsonormal\">Puebla Ar\u00e9valo consider\u00f3 que dicha norma plantea un par de sin sentidos, como lo son la regulaci\u00f3n de las marchas metro a metro, situaci\u00f3n imposible pues en una manifestaci\u00f3n nunca se tiene una cifra exacta sobre asistentes y de la misma forma obligar al Gobierno Estatal a hacer uso de la fuerza p\u00fablica en ciertas situaciones, &#8220;Ser\u00eda un error forzar desde una norma al Estado a actuar conforme a algo que no delineo&#8221;.<\/p>\n<p class=\"x_gmail-xmsonormal\">El l\u00edder de los perredistas en el Congreso Local destac\u00f3 que hasta el d\u00eda de hoy no se conoce\u00a0 la propuesta de dictamen por parte de comisiones unidas, para saber finalmente como se est\u00e1 proponiendo quede la mencionada ley, sin embargo destaco que con el planteamiento original echo por el PAN y el partido verde es imposible transitar.<\/p>\n<p class=\"x_gmail-xmsonormal\">\u201cEn Michoac\u00e1n debemos privilegiar el di\u00e1logo como la mejor herramienta para encauzar la inconformidad y encontrar las soluciones posibles a las distintas demandas sociales que se expresan en manifestaciones, cuartar este derecho fundamental m\u00e1s que ayudar, romper\u00e1 el di\u00e1logo y cerrar\u00e1 la posibilidad de acuerdos, prueba de ello son los distintos levantamientos sociales en contra que ya ha provocado&#8221;, concluy\u00f3.<\/p>\n","protected":false},"excerpt":{"rendered":"<p>El PRD naci\u00f3 del Movimiento Social, en honor a ello no podemos ser incongruentes y aprobar una ley que regula un derecho fundamental como lo es la libre manifestaci\u00f3n, as\u00ed lo asegur\u00f3 el Coordinador del Grupo Parlamentario del PRD, Juan Pablo Puebla Ar\u00e9valo, <\/p>\n","protected":false},"author":1,"featured_media":27399,"comment_status":"open","ping_status":"open","sticky":false,"template":"","format":"standard","meta":{"footnotes":""},"categories":[6,14,19],"tags":[],"class_list":["post-27398","post","type-post","status-publish","format-standard","has-post-thumbnail","hentry","category-congreso-del-estado","category-destacadas","category-grupo-parlamentario-del-prd"],"_links":{"self":[{"href":"https:\/\/radiowebmx.com\/nota\/wp-json\/wp\/v2\/posts\/27398","targetHints":{"allow":["GET"]}}],"collection":[{"href":"https:\/\/radiowebmx.com\/nota\/wp-json\/wp\/v2\/posts"}],"about":[{"href":"https:\/\/radiowebmx.com\/nota\/wp-json\/wp\/v2\/types\/post"}],"author":[{"embeddable":true,"href":"https:\/\/radiowebmx.com\/nota\/wp-json\/wp\/v2\/users\/1"}],"replies":[{"embeddable":true,"href":"https:\/\/radiowebmx.com\/nota\/wp-json\/wp\/v2\/comments?post=27398"}],"version-history":[{"count":1,"href":"https:\/\/radiowebmx.com\/nota\/wp-json\/wp\/v2\/posts\/27398\/revisions"}],"predecessor-version":[{"id":27400,"href":"https:\/\/radiowebmx.com\/nota\/wp-json\/wp\/v2\/posts\/27398\/revisions\/27400"}],"wp:featuredmedia":[{"embeddable":true,"href":"https:\/\/radiowebmx.com\/nota\/wp-json\/wp\/v2\/media\/27399"}],"wp:attachment":[{"href":"https:\/\/radiowebmx.com\/nota\/wp-json\/wp\/v2\/media?parent=27398"}],"wp:term":[{"taxonomy":"category","embeddable":true,"href":"https:\/\/radiowebmx.com\/nota\/wp-json\/wp\/v2\/categories?post=27398"},{"taxonomy":"post_tag","embeddable":true,"href":"https:\/\/radiowebmx.com\/nota\/wp-json\/wp\/v2\/tags?post=27398"}],"curies":[{"name":"wp","href":"https:\/\/api.w.org\/{rel}","templated":true}]}}