{"id":27346,"date":"2016-11-07T12:58:27","date_gmt":"2016-11-07T18:58:27","guid":{"rendered":"https:\/\/radiowebmx.com\/nota\/?p=27346"},"modified":"2016-11-07T12:58:27","modified_gmt":"2016-11-07T18:58:27","slug":"alumnas-del-cecytem-triunfan-en-la-muestra-internacional-de-ciencia-y-tecnologia","status":"publish","type":"post","link":"https:\/\/radiowebmx.com\/nota\/alumnas-del-cecytem-triunfan-en-la-muestra-internacional-de-ciencia-y-tecnologia\/","title":{"rendered":"Alumnas del CECyTEM triunfan en la Muestra Internacional de Ciencia y Tecnolog\u00eda"},"content":{"rendered":"<p><strong>Morelia, Michoac\u00e1n, a 6 de noviembre de 2016.-<\/strong>\u00a0Alumnas del plantel Penjamillo del Colegio de Estudios Cient\u00edficos y Tecnol\u00f3gicos del Estado de Michoac\u00e1n (CECyTEM) lograron el primer lugar internacional en el \u00e1rea de Biolog\u00eda Celular, Molecular y Microbiolog\u00eda en la Muestra Internacional de Ciencia y Tecnolog\u00eda (MOSTRATEC) 2016, que se llev\u00f3 a cabo en Novo Hamburgo, Brasil.<\/p>\n<p>Adem\u00e1s, las alumnas del CECyTEM lograron medalla de oro internacional, reconocimiento como proyecto internacional mejor evaluado, reconocimiento y trofeo MOSTRATEC por el mejor proyecto de la Delegaci\u00f3n Mexicana, y acreditaci\u00f3n internacional para representar a M\u00e9xico en el encuentro de j\u00f3venes cient\u00edficos en Argentina.<\/p>\n<p>El evento fue organizado por la fundaci\u00f3n Liberato con el objetivo de presentar proyectos de investigaci\u00f3n en ciencia y tecnolog\u00eda en diversas \u00e1reas del conocimiento, desarrollado por estudiantes de secundaria y educaci\u00f3n t\u00e9cnica profesional de pa\u00edses como Estados Unidos, Colombia, Per\u00fa,\u00a0\u00a0Paraguay, Chile, Holanda, Portugal, Brasil, Argentina, Uruguay, Dinamarca, Espa\u00f1a, Turqu\u00eda, Bosnia-Herzegovina, Italia, Kazajist\u00e1n, India, China, Indonesia y M\u00e9xico.<\/p>\n<p>La directora general del CECyTEM, Mar\u00eda del Carmen Escobedo P\u00e9rez, detall\u00f3 que en este concurso internacional representaron a M\u00e9xico las alumnas Patricia Soria Venegas y Dulce Abril Morales Govea, con la asesor\u00eda del docente Sergio Belmonte Garc\u00eda, con el proyecto denominado \u201cTEREKUA\u2026 Desarrollo de Competencias Profesionales en el \u00c1rea de Micolog\u00eda\u201d, participando en la categor\u00eda Media Superior en el \u00e1rea de Biolog\u00eda Celular, Molecular y Microbiolog\u00eda.<\/p>\n<p>El proyecto ganador consiste en la identificaci\u00f3n y aislamiento de los diez principales hongos que contaminan los alimentos, elaborando colecciones permanentes que les permitan a estudiantes conocerlos y estudiarlos, los cuales son: Mucor, Rhizopus, Aspergillus, Penicillum, Alternaria, Fusarium, Geotrichum, Stemphylium, Monilia y Botrytis.<\/p>\n<p>Asimismo, el proyecto incluye un manual de pr\u00e1cticas y fichas did\u00e1cticas; la elaboraci\u00f3n y estandarizaci\u00f3n de dos medios de cultivo para el aislamiento y estudios de los hongos contaminantes de los alimentos indicadores y pat\u00f3genos del hombre; y la estructuraci\u00f3n de tres juegos did\u00e1cticos micol\u00f3gicos (Loter\u00eda Terekua, Oca Terekua y Memorama Terekua), que permiten el desarrollo de competencias profesionales en el \u00e1rea de micolog\u00eda.<\/p>\n<p>Para participar en este certamen Internacional, las alumnas del CECyTEM primero lograron la\u00a0\u00a0medalla de platino en Proyecto Multimedia 2015, y posteriormente la acreditaci\u00f3n otorgada por el Comit\u00e9 de Revisi\u00f3n Cient\u00edfico de la MOSTRATEC 2016.<\/p>\n","protected":false},"excerpt":{"rendered":"<p>Alumnas del plantel Penjamillo del Colegio de Estudios Cient\u00edficos y Tecnol\u00f3gicos del Estado de Michoac\u00e1n (CECyTEM) lograron el primer lugar internacional en el \u00e1rea de Biolog\u00eda Celular, Molecular y Microbiolog\u00eda en la Muestra Internacional de Ciencia y Tecnolog\u00eda (MOSTRATEC) 2016, que se llev\u00f3 a cabo en Novo Hamburgo, Brasil.<\/p>\n","protected":false},"author":1,"featured_media":27347,"comment_status":"open","ping_status":"open","sticky":false,"template":"","format":"standard","meta":{"footnotes":""},"categories":[14,3],"tags":[],"class_list":["post-27346","post","type-post","status-publish","format-standard","has-post-thumbnail","hentry","category-destacadas","category-gobierno-del-estado-de-michoacan"],"_links":{"self":[{"href":"https:\/\/radiowebmx.com\/nota\/wp-json\/wp\/v2\/posts\/27346","targetHints":{"allow":["GET"]}}],"collection":[{"href":"https:\/\/radiowebmx.com\/nota\/wp-json\/wp\/v2\/posts"}],"about":[{"href":"https:\/\/radiowebmx.com\/nota\/wp-json\/wp\/v2\/types\/post"}],"author":[{"embeddable":true,"href":"https:\/\/radiowebmx.com\/nota\/wp-json\/wp\/v2\/users\/1"}],"replies":[{"embeddable":true,"href":"https:\/\/radiowebmx.com\/nota\/wp-json\/wp\/v2\/comments?post=27346"}],"version-history":[{"count":1,"href":"https:\/\/radiowebmx.com\/nota\/wp-json\/wp\/v2\/posts\/27346\/revisions"}],"predecessor-version":[{"id":27348,"href":"https:\/\/radiowebmx.com\/nota\/wp-json\/wp\/v2\/posts\/27346\/revisions\/27348"}],"wp:featuredmedia":[{"embeddable":true,"href":"https:\/\/radiowebmx.com\/nota\/wp-json\/wp\/v2\/media\/27347"}],"wp:attachment":[{"href":"https:\/\/radiowebmx.com\/nota\/wp-json\/wp\/v2\/media?parent=27346"}],"wp:term":[{"taxonomy":"category","embeddable":true,"href":"https:\/\/radiowebmx.com\/nota\/wp-json\/wp\/v2\/categories?post=27346"},{"taxonomy":"post_tag","embeddable":true,"href":"https:\/\/radiowebmx.com\/nota\/wp-json\/wp\/v2\/tags?post=27346"}],"curies":[{"name":"wp","href":"https:\/\/api.w.org\/{rel}","templated":true}]}}