{"id":27340,"date":"2016-11-07T12:53:14","date_gmt":"2016-11-07T18:53:14","guid":{"rendered":"https:\/\/radiowebmx.com\/nota\/?p=27340"},"modified":"2016-11-07T12:53:14","modified_gmt":"2016-11-07T18:53:14","slug":"instala-cofom-el-comite-tecnico-de-cambio-de-uso-de-suelo-forestal","status":"publish","type":"post","link":"https:\/\/radiowebmx.com\/nota\/instala-cofom-el-comite-tecnico-de-cambio-de-uso-de-suelo-forestal\/","title":{"rendered":"Instala Cofom el Comit\u00e9 T\u00e9cnico de Cambio de Uso de Suelo Forestal"},"content":{"rendered":"<p><strong>Morelia, Michoac\u00e1n, a 6 de noviembre de 2016.-\u00a0<\/strong>Como parte de las pol\u00edticas p\u00fablicas de fortalecimiento y sustentabilidad del sector forestal de Michoac\u00e1n, qued\u00f3 formalmente instalado el Comit\u00e9 T\u00e9cnico de Cambio de Uso de Suelo Forestal.<\/p>\n<p>A trav\u00e9s de este Comit\u00e9 se emitir\u00e1n opiniones y observaciones t\u00e9cnicas respecto a las solicitudes de cambio de uso de suelo en terrenos forestales, por excepci\u00f3n que emita el Consejo Estatal Forestal mandatadas por el art\u00edculo 117 de la Ley General de Desarrollo Forestal Sustentable.<\/p>\n<p>El director general de la Comisi\u00f3n Forestal del Estado de Michoac\u00e1n (Cofom), Roberto P\u00e9rez Medrano, resalt\u00f3 la necesidad de conjuntar esfuerzos, unificar criterios y trabajar a fondo sobre las opiniones\u00a0\u00a0que se emitan en esta materia.<\/p>\n<p>Se\u00f1al\u00f3 que las principales causas del cambio de uso de suelo son la tala clandestina, el bajo nivel competitivo del sector forestal por los precios de producci\u00f3n elevados, la burocracia excesiva en tr\u00e1mites, las reglas de operaci\u00f3n complejas y la escasa cultura forestal.<\/p>\n<p>Hizo notar que ser\u00e1 necesario convocar a reuniones de trabajo por parte de los comit\u00e9s t\u00e9cnicos cada vez que ingresen estudios justificativos para la autorizaci\u00f3n de cambio de uso de suelo ante la Semarnat, para que en conjunto con el personal del Departamento de Manejo Forestal de la Cofom se realice la revisi\u00f3n de campo y gabinete a fin de emitir la opini\u00f3n correspondiente.<\/p>\n","protected":false},"excerpt":{"rendered":"<p>Como parte de las pol\u00edticas p\u00fablicas de fortalecimiento y sustentabilidad del sector forestal de Michoac\u00e1n, qued\u00f3 formalmente instalado el Comit\u00e9 T\u00e9cnico de Cambio de Uso de Suelo Forestal.<\/p>\n","protected":false},"author":1,"featured_media":27341,"comment_status":"open","ping_status":"open","sticky":false,"template":"","format":"standard","meta":{"footnotes":""},"categories":[14,3],"tags":[],"class_list":["post-27340","post","type-post","status-publish","format-standard","has-post-thumbnail","hentry","category-destacadas","category-gobierno-del-estado-de-michoacan"],"_links":{"self":[{"href":"https:\/\/radiowebmx.com\/nota\/wp-json\/wp\/v2\/posts\/27340","targetHints":{"allow":["GET"]}}],"collection":[{"href":"https:\/\/radiowebmx.com\/nota\/wp-json\/wp\/v2\/posts"}],"about":[{"href":"https:\/\/radiowebmx.com\/nota\/wp-json\/wp\/v2\/types\/post"}],"author":[{"embeddable":true,"href":"https:\/\/radiowebmx.com\/nota\/wp-json\/wp\/v2\/users\/1"}],"replies":[{"embeddable":true,"href":"https:\/\/radiowebmx.com\/nota\/wp-json\/wp\/v2\/comments?post=27340"}],"version-history":[{"count":1,"href":"https:\/\/radiowebmx.com\/nota\/wp-json\/wp\/v2\/posts\/27340\/revisions"}],"predecessor-version":[{"id":27342,"href":"https:\/\/radiowebmx.com\/nota\/wp-json\/wp\/v2\/posts\/27340\/revisions\/27342"}],"wp:featuredmedia":[{"embeddable":true,"href":"https:\/\/radiowebmx.com\/nota\/wp-json\/wp\/v2\/media\/27341"}],"wp:attachment":[{"href":"https:\/\/radiowebmx.com\/nota\/wp-json\/wp\/v2\/media?parent=27340"}],"wp:term":[{"taxonomy":"category","embeddable":true,"href":"https:\/\/radiowebmx.com\/nota\/wp-json\/wp\/v2\/categories?post=27340"},{"taxonomy":"post_tag","embeddable":true,"href":"https:\/\/radiowebmx.com\/nota\/wp-json\/wp\/v2\/tags?post=27340"}],"curies":[{"name":"wp","href":"https:\/\/api.w.org\/{rel}","templated":true}]}}