{"id":27326,"date":"2016-11-07T12:43:07","date_gmt":"2016-11-07T18:43:07","guid":{"rendered":"https:\/\/radiowebmx.com\/nota\/?p=27326"},"modified":"2016-11-07T12:43:07","modified_gmt":"2016-11-07T18:43:07","slug":"recorridos-nocturnos-maravillan-con-historias-leyendas-y-misticismo","status":"publish","type":"post","link":"https:\/\/radiowebmx.com\/nota\/recorridos-nocturnos-maravillan-con-historias-leyendas-y-misticismo\/","title":{"rendered":"Recorridos nocturnos, maravillan con  historias, leyendas y misticismo"},"content":{"rendered":"<p>Iniciaron\u00a0 los \u201cRecorridos Nocturnos\u201d gratuitos\u00a0y que fueron anunciados por la Secretar\u00eda de Servicios P\u00fablicos Municipales, los cuales se realizar\u00e1n en casi todo\u00a0 el mes de Noviembre con el fin de\u00a0 dar a conocer, mediante las visitas guiadas, lo que hay detr\u00e1s de la belleza arquitect\u00f3nica del Pante\u00f3n Municipal.<\/p>\n<p>Con 121 a\u00f1os de funcionamiento,\u00a0el principal campo santo de la ciudad\u00a0 abre sus puertas a estos recorridos para la ciudadan\u00eda en general para permitir se conozcan sus leyendas y arte que se puede apreciar en las criptas y monumentos, al recordar que en su creaci\u00f3n, en 1885, fue considerado como Monumento Hist\u00f3rico.<\/p>\n<p>El Secretario de Servicios P\u00fablicos Municipales, Jos\u00e9 Luis Gil V\u00e1zquez, trajo a cuenta que para acceder a este evento los morelianos deber\u00e1n acudir al Pante\u00f3n Municipal ubicado en la calle La Paz S\/N en un horario de 9:00 a 16:00 horas y solicitar sus boletos.<\/p>\n<p>Gil V\u00e1zquez asegur\u00f3 que otro de los objetivos es contribuir a que el Ayuntamiento de Morelia se mantenga en esa din\u00e1mica tur\u00edstica que se ha tenido durante todo este 2016, al mantener actividades de inter\u00e9s para los visitantes y habitantes de la ciudad.<\/p>\n<p>Es importante recordar que los\u00a0 d\u00edas que se realizar\u00e1 esta actividad ser\u00e1n los s\u00e1bados 12, 19 y 20 de noviembre al filo de las 20:00 horas, el pase es personal, por lo que los interesados deber\u00e1n\u00a0 acudir\u00a0 individualmente\u00a0 a las instalaciones del campo santo\u00a0 y pedir el respectivo boleto.<\/p>\n","protected":false},"excerpt":{"rendered":"<p>Iniciaron  los \u201cRecorridos Nocturnos\u201d gratuitos y que fueron anunciados por la Secretar\u00eda de Servicios P\u00fablicos Municipales, los cuales se realizar\u00e1n en casi todo  el mes de Noviembre con el fin de  dar a conocer, mediante las visitas guiadas, lo que hay detr\u00e1s de la belleza arquitect\u00f3nica del Pante\u00f3n Municipal.<\/p>\n","protected":false},"author":1,"featured_media":27327,"comment_status":"open","ping_status":"open","sticky":false,"template":"","format":"standard","meta":{"footnotes":""},"categories":[14,9],"tags":[],"class_list":["post-27326","post","type-post","status-publish","format-standard","has-post-thumbnail","hentry","category-destacadas","category-morelia"],"_links":{"self":[{"href":"https:\/\/radiowebmx.com\/nota\/wp-json\/wp\/v2\/posts\/27326","targetHints":{"allow":["GET"]}}],"collection":[{"href":"https:\/\/radiowebmx.com\/nota\/wp-json\/wp\/v2\/posts"}],"about":[{"href":"https:\/\/radiowebmx.com\/nota\/wp-json\/wp\/v2\/types\/post"}],"author":[{"embeddable":true,"href":"https:\/\/radiowebmx.com\/nota\/wp-json\/wp\/v2\/users\/1"}],"replies":[{"embeddable":true,"href":"https:\/\/radiowebmx.com\/nota\/wp-json\/wp\/v2\/comments?post=27326"}],"version-history":[{"count":1,"href":"https:\/\/radiowebmx.com\/nota\/wp-json\/wp\/v2\/posts\/27326\/revisions"}],"predecessor-version":[{"id":27328,"href":"https:\/\/radiowebmx.com\/nota\/wp-json\/wp\/v2\/posts\/27326\/revisions\/27328"}],"wp:featuredmedia":[{"embeddable":true,"href":"https:\/\/radiowebmx.com\/nota\/wp-json\/wp\/v2\/media\/27327"}],"wp:attachment":[{"href":"https:\/\/radiowebmx.com\/nota\/wp-json\/wp\/v2\/media?parent=27326"}],"wp:term":[{"taxonomy":"category","embeddable":true,"href":"https:\/\/radiowebmx.com\/nota\/wp-json\/wp\/v2\/categories?post=27326"},{"taxonomy":"post_tag","embeddable":true,"href":"https:\/\/radiowebmx.com\/nota\/wp-json\/wp\/v2\/tags?post=27326"}],"curies":[{"name":"wp","href":"https:\/\/api.w.org\/{rel}","templated":true}]}}