{"id":27323,"date":"2016-11-07T12:40:19","date_gmt":"2016-11-07T18:40:19","guid":{"rendered":"https:\/\/radiowebmx.com\/nota\/?p=27323"},"modified":"2016-11-07T12:40:19","modified_gmt":"2016-11-07T18:40:19","slug":"espanoles-viven-de-cerca-la-tradicion-de-noche-de-muertos-purepecha","status":"publish","type":"post","link":"https:\/\/radiowebmx.com\/nota\/espanoles-viven-de-cerca-la-tradicion-de-noche-de-muertos-purepecha\/","title":{"rendered":"Espa\u00f1oles \u201cviven\u201d de cerca la tradici\u00f3n de Noche de Muertos Pur\u00e9pecha"},"content":{"rendered":"<p><strong>Madrid, Espa\u00f1a, a 5 de noviembre de 2016.- <\/strong>Con una invitaci\u00f3n a que nos visiten y \u201cvivan de cerca Michoac\u00e1n\u201d, as\u00ed como el abanico multicultural de experiencias que ofrece, el Gobernador del Estado, Silvano Aureoles Conejo, inaugur\u00f3 la exposici\u00f3n representativa de Noche de Muertos Pur\u00e9pecha en la capital espa\u00f1ola, marco en cual la revista National Geographic Traveler M\u00e9xico, otorg\u00f3 un reconocimiento al mandatario michoacano por el trabajo realizado para promover en el mundo esta centenaria tradici\u00f3n.<\/p>\n<p>&nbsp;<\/p>\n<p>Esta presentaci\u00f3n cultural, que tuvo lugar en el \u201cCentroCentro\u201d del Palacio de Cibeles, sede del Ayuntamiento de Madrid, no tiene antecedente en Espa\u00f1a y es fruto del trabajo coordinado entre el Gobierno del Estado y National Geographic Traveler, para hacer llegar a todas las latitudes posibles, un poco de la cosmovisi\u00f3n pur\u00e9pecha en torno a la muerte.<\/p>\n<p>&nbsp;<\/p>\n<p>Al respecto, el Gobernador Silvano Aureoles recalc\u00f3 que la Noche de Muertos, es de las representaciones m\u00e1s relevantes del patrimonio vivo de M\u00e9xico; una de las expresiones culturales m\u00e1s antiguas y de mayor fuerza entre los grupos ind\u00edgenas del pa\u00eds, motivo por el cual obtuvo de la UNESCO el reconocimiento como Obra Maestra del Patrimonio Oral e Intangible de la Humanidad.<\/p>\n<p>&nbsp;<\/p>\n<p>Detall\u00f3 que las celebraciones de Noche de Muertos en la cosmovisi\u00f3n ind\u00edgena implican el retorno transitorio de las \u00e1nimas de los difuntos, quienes regresan a casa, al mundo de los vivos, para convivir con los familiares y para nutrirse de la esencia del alimento que se les ofrece en los altares puestos en su honor.<\/p>\n<p>&nbsp;<\/p>\n<p>En Michoac\u00e1n, explic\u00f3, la conmemoraci\u00f3n del D\u00eda de Muertos es una tradici\u00f3n solemne que conserva esa genuina manifestaci\u00f3n de profundo respeto y veneraci\u00f3n a los seres que materialmente ya no existen y a los que, a trav\u00e9s de la ofrenda, se rinde tributo.<\/p>\n<p>&nbsp;<\/p>\n<p>Abund\u00f3 que la tradici\u00f3n comienza desde el 31 de octubre, con la cacer\u00eda del pato, a la que sigue la colocaci\u00f3n del altar de \u201cangelitos\u201d, el d\u00eda 1\u00ba de noviembre, para concluir con las honras a los difuntos y rituales de velaci\u00f3n el d\u00eda 2.<\/p>\n<p>&nbsp;<\/p>\n<p>Acompa\u00f1ado de la secretaria de Turismo michoacana, Claudia Ch\u00e1vez L\u00f3pez, y de la coordinadora general de Comunicaci\u00f3n Social, Julieta L\u00f3pez Bautista, el titular del Ejecutivo estatal destac\u00f3 que adem\u00e1s de esta tradici\u00f3n, Michoac\u00e1n cuenta con 113 municipios y la presencia de 5 grupos ind\u00edgenas; \u201ces historia, cultura y tradici\u00f3n; estado abundante en bellezas naturales y arquitect\u00f3nicas en manifestaciones art\u00edsticas en pueblos con magia y encanto; hermosos paisajes y variados atractivos tur\u00edsticos\u201d.<\/p>\n<p>&nbsp;<\/p>\n<p>Ante un nutrido p\u00fablico conformado no s\u00f3lo por autoridades locales, sino por decenas de paseantes que fueron atra\u00eddos por la exposici\u00f3n, Silvano Aureoles enunci\u00f3 parte de los muchos atractivos que tiene nuestra entidad, como sus 8 Pueblos M\u00e1gicos, sus m\u00e1s de 200 kil\u00f3metros de costa, bosques, balnearios de aguas termales, la capital Morelia, que desde hace 25 a\u00f1os es Patrimonio Cultural de la Humanidad; y por supuesto, los Santuarios de la Mariposa Monarca, que se abren al p\u00fablico a partir de este mes noviembre y hasta marzo, entre otros.<\/p>\n<p>&nbsp;<\/p>\n<p>Silvano Aureoles conmin\u00f3 a los presentes a visitar Michoac\u00e1n para degustar la rica variedad de platillos que dieron origen a que la gastronom\u00eda mexicana fuera declarada Patrimonio Cultural de la Humanidad por la UNESCO; a comprar su maravillosa y \u00fanica artesan\u00eda, as\u00ed como a ser part\u00edcipes de sus m\u00faltiples festivales y expresiones.<\/p>\n<p>&nbsp;<\/p>\n<p>\u201cMichoac\u00e1n es un destino tur\u00edstico de primer nivel, digno de visitar\u201d, concluy\u00f3.<\/p>\n<p>&nbsp;<\/p>\n<p>Durante esta presentaci\u00f3n, los asistentes tambi\u00e9n pudieron observar v\u00eda streaming, entrevistas con cocineras tradicionales y artesanas que, desde P\u00e1tzcuaro, ofrecieron una &#8220;probadita&#8221; de la labor que hacen con sus m\u00e1gicas manos para crear piezas artesanales \u00fanicas y exquisitos platillos con recetas heredadas de sus ancestros.<\/p>\n<p>&nbsp;<\/p>\n<p>Roberta Lajous Vargas, embajadora de M\u00e9xico en Espa\u00f1a, agradeci\u00f3 la disposici\u00f3n del mandatario michoacano por hacer posible esta muestra de la tradici\u00f3n y enfatiz\u00f3: &#8220;se\u00f1or Gobernador ha usted hecho una presentaci\u00f3n visual para todos los asistentes de la cual me siento muy orgullosa, muchas gracias&#8221;.<\/p>\n<p>&nbsp;<\/p>\n<p>Alina Gardu\u00f1o Lozano, directora Editorial de National Geographic Traveler M\u00e9xico y Am\u00e9rica Latina, extern\u00f3 que es un honor entregar este reconocimiento al Gobernador Silvano Aureoles Conejo, por aceptar la invitaci\u00f3n para promover en el mundo una tradici\u00f3n que se vive como en ning\u00fan otro sitio en el pa\u00eds: el territorio pur\u00e9pecha, hogar de una cultura ancestral del centro de M\u00e9xico.<\/p>\n<p>&nbsp;<\/p>\n<p>&#8220;Hoy, gracias a National Geographic Traveler M\u00e9xico y Latinoam\u00e9rica con el apoyo del Estado de Michoac\u00e1n, traemos a Madrid una peque\u00f1a muestra de lo que significa un tema trascendental para los mexicanos. Estamos seguros que, tal como Espa\u00f1a suele ser un punto de referencia en M\u00e9xico, nuestro pa\u00eds dejar\u00e1 una marca en ustedes a trav\u00e9s de esta celebraci\u00f3n, cuya esencia tambi\u00e9n nos une&#8221;, se\u00f1al\u00f3.<\/p>\n<p>&nbsp;<\/p>\n<p>En esta inauguraci\u00f3n de la Noche de Muertos Pur\u00e9pecha en el Palacio de Cibeles, estuvieron presentes tambi\u00e9n Carlos Espinosa de los Monteros y Bernaldo de Quir\u00f3s, alto comisionado del Gobierno espa\u00f1ol para la marca Espa\u00f1a; Juan Trinidad Martos, vicepresidente primero de la Asamblea de Madrid; la actriz M\u00f3nica Cruz; Javier Aranda Pedrero y Mar\u00eda Claudia Soriano Hern\u00e1ndez, de la Embajada de M\u00e9xico en Espa\u00f1a; Mar\u00eda Turiel Soler, una de las blogueras de moda m\u00e1s destacadas de Europa; Jos\u00e9 Gasset Loring, perteneciente a Iberdrola, empresa de energ\u00edas renovables; Ana Varela Mateos, consejera delegada de Madrid Destino; Mar\u00eda del Mar Espinar Mesa-Moles, concejal del Ayuntamiento de Madrid y portavoz de la Comisi\u00f3n de Cultura, Deporte y Turismo; Mauricio Valiente Ots, tercer teniente de alcalde del Ayuntamiento de Madrid; el secretario particular del Gobernador, Miguel Olamendi, entre otras autoridades y personalidades madrile\u00f1as.<\/p>\n","protected":false},"excerpt":{"rendered":"<p>Con una invitaci\u00f3n a que nos visiten y \u201cvivan de cerca Michoac\u00e1n\u201d, as\u00ed como el abanico multicultural de experiencias que ofrece, el Gobernador del Estado, Silvano Aureoles Conejo, inaugur\u00f3 la exposici\u00f3n representativa de Noche de Muertos Pur\u00e9pecha en la capital espa\u00f1ola, marco en cual la revista National Geographic Traveler M\u00e9xico, otorg\u00f3 un reconocimiento al mandatario michoacano por el trabajo realizado para promover en el mundo esta centenaria tradici\u00f3n.<\/p>\n","protected":false},"author":1,"featured_media":27324,"comment_status":"open","ping_status":"open","sticky":false,"template":"","format":"standard","meta":{"footnotes":""},"categories":[14,3],"tags":[],"class_list":["post-27323","post","type-post","status-publish","format-standard","has-post-thumbnail","hentry","category-destacadas","category-gobierno-del-estado-de-michoacan"],"_links":{"self":[{"href":"https:\/\/radiowebmx.com\/nota\/wp-json\/wp\/v2\/posts\/27323","targetHints":{"allow":["GET"]}}],"collection":[{"href":"https:\/\/radiowebmx.com\/nota\/wp-json\/wp\/v2\/posts"}],"about":[{"href":"https:\/\/radiowebmx.com\/nota\/wp-json\/wp\/v2\/types\/post"}],"author":[{"embeddable":true,"href":"https:\/\/radiowebmx.com\/nota\/wp-json\/wp\/v2\/users\/1"}],"replies":[{"embeddable":true,"href":"https:\/\/radiowebmx.com\/nota\/wp-json\/wp\/v2\/comments?post=27323"}],"version-history":[{"count":1,"href":"https:\/\/radiowebmx.com\/nota\/wp-json\/wp\/v2\/posts\/27323\/revisions"}],"predecessor-version":[{"id":27325,"href":"https:\/\/radiowebmx.com\/nota\/wp-json\/wp\/v2\/posts\/27323\/revisions\/27325"}],"wp:featuredmedia":[{"embeddable":true,"href":"https:\/\/radiowebmx.com\/nota\/wp-json\/wp\/v2\/media\/27324"}],"wp:attachment":[{"href":"https:\/\/radiowebmx.com\/nota\/wp-json\/wp\/v2\/media?parent=27323"}],"wp:term":[{"taxonomy":"category","embeddable":true,"href":"https:\/\/radiowebmx.com\/nota\/wp-json\/wp\/v2\/categories?post=27323"},{"taxonomy":"post_tag","embeddable":true,"href":"https:\/\/radiowebmx.com\/nota\/wp-json\/wp\/v2\/tags?post=27323"}],"curies":[{"name":"wp","href":"https:\/\/api.w.org\/{rel}","templated":true}]}}