{"id":27309,"date":"2016-11-04T12:18:36","date_gmt":"2016-11-04T18:18:36","guid":{"rendered":"https:\/\/radiowebmx.com\/nota\/?p=27309"},"modified":"2016-11-04T12:18:36","modified_gmt":"2016-11-04T18:18:36","slug":"los-servicios-educativos-de-la-univim-llegan-a-huandacareo","status":"publish","type":"post","link":"https:\/\/radiowebmx.com\/nota\/los-servicios-educativos-de-la-univim-llegan-a-huandacareo\/","title":{"rendered":"Los servicios educativos de la Univim llegan a Huandacareo"},"content":{"rendered":"<p><strong>Huandacareo, Michoac\u00e1n, a 03 de noviembre de 2016.-<\/strong> Con la finalidad de ampliar la cobertura en la educaci\u00f3n superior en la entidad, la rectora de la Universidad Virtual del Estado de Michoac\u00e1n (Univim), Silvia Mendoza Valenzuela, y el alcalde de Huandacareo, Humberto Gonz\u00e1lez Villag\u00f3mez, inauguraron la Unidad Virtual de Extensi\u00f3n Universitaria (UVEU) en este municipio.<\/p>\n<p>Durante el evento, Mendoza Valenzuela invit\u00f3 a las y los estudiantes de nivel medio superior a continuar con su preparaci\u00f3n acad\u00e9mica y a que consideren a la Univim como una alternativa para ello y de esta manera aportar al desarrollo de su municipio.<\/p>\n<p>Por su parte, Gonz\u00e1lez Villag\u00f3mez coment\u00f3 que la Univim es una gran oportunidad para que las y los j\u00f3venes de su municipio tengan m\u00e1s oportunidades de estudios de nivel superior. \u201cSe debe aprovechar la oferta educativa de la Univim; ya no hay pretextos para no estudiar\u201d, afirm\u00f3.<\/p>\n<p>A la fecha, la Univim ha signado 47 convenios de colaboraci\u00f3n interinstitucional con ayuntamientos de la entidad, el 45% de los cuales ya tienen en funci\u00f3n sus UVEUs, como Apatzing\u00e1n, Zinap\u00e9cuaro, Uruapan, Quer\u00e9ndaro, Epitacio Huerta, Nuevo Parangaricutiro, Tanc\u00edtaro, Madero, entre otros.<\/p>\n<p>Cabe mencionar que la UVEU de Huandacareo se ubica en la calle Prolongaci\u00f3n Hidalgo Oriente 56, Centro, en las instalaciones de la Biblioteca P\u00fablica Municipal \u201cSalvador Urrutia\u201d. Ya est\u00e1 abierta al p\u00fablico en general, por lo que las y los interesados pueden acudir a solicitar la informaci\u00f3n necesaria con el asesor o responsable de la UVEU para el pr\u00f3ximo inicio de clases, que ser\u00e1 el 21 de noviembre para el curso proped\u00e9utico, y el 2 de enero para el nuevo cuatrimestre.<\/p>\n","protected":false},"excerpt":{"rendered":"<p>Con la finalidad de ampliar la cobertura en la educaci\u00f3n superior en la entidad, la rectora de la Universidad Virtual del Estado de Michoac\u00e1n (Univim), Silvia Mendoza Valenzuela, y el alcalde de Huandacareo, Humberto Gonz\u00e1lez Villag\u00f3mez, inauguraron la Unidad Virtual de Extensi\u00f3n Universitaria (UVEU) en este municipio.<\/p>\n","protected":false},"author":1,"featured_media":27310,"comment_status":"open","ping_status":"open","sticky":false,"template":"","format":"standard","meta":{"footnotes":""},"categories":[14,3],"tags":[],"class_list":["post-27309","post","type-post","status-publish","format-standard","has-post-thumbnail","hentry","category-destacadas","category-gobierno-del-estado-de-michoacan"],"_links":{"self":[{"href":"https:\/\/radiowebmx.com\/nota\/wp-json\/wp\/v2\/posts\/27309","targetHints":{"allow":["GET"]}}],"collection":[{"href":"https:\/\/radiowebmx.com\/nota\/wp-json\/wp\/v2\/posts"}],"about":[{"href":"https:\/\/radiowebmx.com\/nota\/wp-json\/wp\/v2\/types\/post"}],"author":[{"embeddable":true,"href":"https:\/\/radiowebmx.com\/nota\/wp-json\/wp\/v2\/users\/1"}],"replies":[{"embeddable":true,"href":"https:\/\/radiowebmx.com\/nota\/wp-json\/wp\/v2\/comments?post=27309"}],"version-history":[{"count":1,"href":"https:\/\/radiowebmx.com\/nota\/wp-json\/wp\/v2\/posts\/27309\/revisions"}],"predecessor-version":[{"id":27311,"href":"https:\/\/radiowebmx.com\/nota\/wp-json\/wp\/v2\/posts\/27309\/revisions\/27311"}],"wp:featuredmedia":[{"embeddable":true,"href":"https:\/\/radiowebmx.com\/nota\/wp-json\/wp\/v2\/media\/27310"}],"wp:attachment":[{"href":"https:\/\/radiowebmx.com\/nota\/wp-json\/wp\/v2\/media?parent=27309"}],"wp:term":[{"taxonomy":"category","embeddable":true,"href":"https:\/\/radiowebmx.com\/nota\/wp-json\/wp\/v2\/categories?post=27309"},{"taxonomy":"post_tag","embeddable":true,"href":"https:\/\/radiowebmx.com\/nota\/wp-json\/wp\/v2\/tags?post=27309"}],"curies":[{"name":"wp","href":"https:\/\/api.w.org\/{rel}","templated":true}]}}