{"id":27300,"date":"2016-11-04T12:04:35","date_gmt":"2016-11-04T18:04:35","guid":{"rendered":"https:\/\/radiowebmx.com\/nota\/?p=27300"},"modified":"2016-11-04T12:04:35","modified_gmt":"2016-11-04T18:04:35","slug":"michoacan-exhibira-su-riqueza-turistica-y-cultural-en-madrid-espana","status":"publish","type":"post","link":"https:\/\/radiowebmx.com\/nota\/michoacan-exhibira-su-riqueza-turistica-y-cultural-en-madrid-espana\/","title":{"rendered":"Michoac\u00e1n exhibir\u00e1 su riqueza tur\u00edstica y cultural en Madrid, Espa\u00f1a"},"content":{"rendered":"<p><strong>Morelia, Michoac\u00e1n, a 3 de noviembre de 2016.-<\/strong> Con el objetivo de fortalecer el posicionamiento de la marca Michoac\u00e1n como destino tur\u00edstico en el mercado europeo y de establecer lazos de colaboraci\u00f3n para que las y los michoacanos cuenten con m\u00e1s y mejores opciones para su crecimiento profesional, el Gobernador Constitucional, Silvano Aureoles Conejo, realizar\u00e1 este fin de semana una gira de trabajo en Madrid, Espa\u00f1a.<\/p>\n<p>&nbsp;<\/p>\n<p>La agenda de actividades del mandatario iniciar\u00e1 con un evento en el que recibir\u00e1 a nombre de las y los michoacanos un reconocimiento por parte de la revista National Geographic Traveler M\u00e9xico, por el trabajo realizado para promover en el mundo la Noche de Muertos.<\/p>\n<p>&nbsp;<\/p>\n<p>En este marco, gracias al trabajo coordinado entre el Gobierno del Estado y National Geographic Traveler M\u00e9xico y Latinoam\u00e9rica, se ofrecer\u00e1 una representaci\u00f3n de la Noche de Muertos pur\u00e9pecha, que tendr\u00e1 verificativo el pr\u00f3ximo s\u00e1bado 5 de noviembre en el Palacio de Cibeles.<\/p>\n<p>&nbsp;<\/p>\n<p>Cabe mencionar que a este encuentro asistir\u00e1n personalidades del \u00e1mbito pol\u00edtico, econ\u00f3mico y cultural de Espa\u00f1a, quienes tambi\u00e9n degustar\u00e1n de una cena con platillos de la gastronom\u00eda tradicional de Michoac\u00e1n.<\/p>\n<p>&nbsp;<\/p>\n<p>En el marco de esta visita, el Gobernador Silvano Aureoles signar\u00e1 un convenio marco de colaboraci\u00f3n con la Fundaci\u00f3n Jos\u00e9 Ortega y Gasset, cuyo objetivo es desarrollar programas de colaboraci\u00f3n acad\u00e9mica, especialmente en cursos de posgrado, maestr\u00edas, doctorado y programas de investigaci\u00f3n acad\u00e9mica, relacionadas en el \u00e1mbito de las ciencias sociales, jur\u00eddicas, de la administraci\u00f3n y afines, dictados y titulados en la Fundaci\u00f3n.<\/p>\n<p>&nbsp;<\/p>\n<p>Otro objetivo de este convenio consiste en establecer las bases para el dise\u00f1o y ejecuci\u00f3n de un programa de apoyo a la movilidad acad\u00e9mica de estudiantes de Michoac\u00e1n, mediante el establecimiento de una l\u00ednea de becas para la realizaci\u00f3n de cursos de posgrado y otras actividades en la Fundaci\u00f3n Jos\u00e9 Ortega y Gasset.<\/p>\n<p>&nbsp;<\/p>\n<p>Acompa\u00f1an al mandatario Aureoles Conejo en esta gira de trabajo, las titulares de la Secretar\u00eda de Turismo y de la Coordinaci\u00f3n General de Comunicaci\u00f3n Social, Claudia Ch\u00e1vez L\u00f3pez y Julieta L\u00f3pez Bautista, respectivamente; as\u00ed como el secretario particular de la Oficina del Gobernador, Miguel Alonso Olamendi.<\/p>\n<p>&nbsp;<\/p>\n<p>Por disposiciones del titular del Ejecutivo estatal, y en apego a los principios de racionalidad del gasto p\u00fablico, los integrantes de la comitiva cubrir\u00e1n sus gastos derivados de esta gira de trabajo.<\/p>\n<p>&nbsp;<\/p>\n<p>La agenda de actividades del mandatario iniciar\u00e1 con un evento en el que recibir\u00e1 a nombre de las y los michoacanos un reconocimiento por parte de la revista National Geographic Traveler M\u00e9xico, por el trabajo realizado para promover en el mundo la Noche de Muertos.<\/p>\n<p>&nbsp;<\/p>\n<p>En este marco, gracias al trabajo coordinado entre el Gobierno del Estado y National Geographic Traveler M\u00e9xico y Latinoam\u00e9rica, se ofrecer\u00e1 una representaci\u00f3n de la Noche de Muertos pur\u00e9pecha, que tendr\u00e1 verificativo el pr\u00f3ximo s\u00e1bado 5 de noviembre en el Palacio de Cibeles.<\/p>\n<p>&nbsp;<\/p>\n<p>Cabe mencionar que a este encuentro asistir\u00e1n personalidades del \u00e1mbito pol\u00edtico, econ\u00f3mico y cultural de Espa\u00f1a, quienes tambi\u00e9n degustar\u00e1n de una cena con platillos de la gastronom\u00eda tradicional de Michoac\u00e1n.<\/p>\n<p>&nbsp;<\/p>\n<p>En el marco de esta visita, el Gobernador Silvano Aureoles signar\u00e1 un convenio marco de colaboraci\u00f3n con la Fundaci\u00f3n Jos\u00e9 Ortega y Gasset, cuyo objetivo es desarrollar programas de colaboraci\u00f3n acad\u00e9mica, especialmente en cursos de posgrado, maestr\u00edas, doctorado y programas de investigaci\u00f3n acad\u00e9mica, relacionadas en el \u00e1mbito de las ciencias sociales, jur\u00eddicas, de la administraci\u00f3n y afines, dictados y titulados en la Fundaci\u00f3n.<\/p>\n<p>&nbsp;<\/p>\n<p>Otro objetivo de este convenio consiste en establecer las bases para el dise\u00f1o y ejecuci\u00f3n de un programa de apoyo a la movilidad acad\u00e9mica de estudiantes de Michoac\u00e1n, mediante el establecimiento de una l\u00ednea de becas para la realizaci\u00f3n de cursos de posgrado y otras actividades en la Fundaci\u00f3n Jos\u00e9 Ortega y Gasset.<\/p>\n<p>&nbsp;<\/p>\n<p>Acompa\u00f1an al mandatario Aureoles Conejo en esta gira de trabajo, las titulares de la Secretar\u00eda de Turismo y de la Coordinaci\u00f3n General de Comunicaci\u00f3n Social, Claudia Ch\u00e1vez L\u00f3pez y Julieta L\u00f3pez Bautista, respectivamente; as\u00ed como el secretario particular de la Oficina del Gobernador, Miguel Alonso Olamendi.<\/p>\n<p>&nbsp;<\/p>\n<p>Por disposiciones del titular del Ejecutivo estatal, y en apego a los principios de racionalidad del gasto p\u00fablico, los integrantes de la comitiva cubrir\u00e1n sus gastos derivados de esta gira de trabajo.<\/p>\n","protected":false},"excerpt":{"rendered":"<p>Con el objetivo de fortalecer el posicionamiento de la marca Michoac\u00e1n como destino tur\u00edstico en el mercado europeo y de establecer lazos de colaboraci\u00f3n para que las y los michoacanos cuenten con m\u00e1s y mejores opciones para su crecimiento profesional, el Gobernador Constitucional, SAC, realizar\u00e1 este fin de semana una gira de trabajo en Madrid, Espa\u00f1a.<\/p>\n","protected":false},"author":1,"featured_media":27301,"comment_status":"open","ping_status":"open","sticky":false,"template":"","format":"standard","meta":{"footnotes":""},"categories":[14,3],"tags":[],"class_list":["post-27300","post","type-post","status-publish","format-standard","has-post-thumbnail","hentry","category-destacadas","category-gobierno-del-estado-de-michoacan"],"_links":{"self":[{"href":"https:\/\/radiowebmx.com\/nota\/wp-json\/wp\/v2\/posts\/27300","targetHints":{"allow":["GET"]}}],"collection":[{"href":"https:\/\/radiowebmx.com\/nota\/wp-json\/wp\/v2\/posts"}],"about":[{"href":"https:\/\/radiowebmx.com\/nota\/wp-json\/wp\/v2\/types\/post"}],"author":[{"embeddable":true,"href":"https:\/\/radiowebmx.com\/nota\/wp-json\/wp\/v2\/users\/1"}],"replies":[{"embeddable":true,"href":"https:\/\/radiowebmx.com\/nota\/wp-json\/wp\/v2\/comments?post=27300"}],"version-history":[{"count":1,"href":"https:\/\/radiowebmx.com\/nota\/wp-json\/wp\/v2\/posts\/27300\/revisions"}],"predecessor-version":[{"id":27302,"href":"https:\/\/radiowebmx.com\/nota\/wp-json\/wp\/v2\/posts\/27300\/revisions\/27302"}],"wp:featuredmedia":[{"embeddable":true,"href":"https:\/\/radiowebmx.com\/nota\/wp-json\/wp\/v2\/media\/27301"}],"wp:attachment":[{"href":"https:\/\/radiowebmx.com\/nota\/wp-json\/wp\/v2\/media?parent=27300"}],"wp:term":[{"taxonomy":"category","embeddable":true,"href":"https:\/\/radiowebmx.com\/nota\/wp-json\/wp\/v2\/categories?post=27300"},{"taxonomy":"post_tag","embeddable":true,"href":"https:\/\/radiowebmx.com\/nota\/wp-json\/wp\/v2\/tags?post=27300"}],"curies":[{"name":"wp","href":"https:\/\/api.w.org\/{rel}","templated":true}]}}