{"id":27294,"date":"2016-11-04T11:51:33","date_gmt":"2016-11-04T17:51:33","guid":{"rendered":"https:\/\/radiowebmx.com\/nota\/?p=27294"},"modified":"2016-11-04T11:51:33","modified_gmt":"2016-11-04T17:51:33","slug":"gobierno-municipal-y-estatal-suman-esfuerzos-por-la-seguridad-e-infraestructura-en-villas-del-pedregal","status":"publish","type":"post","link":"https:\/\/radiowebmx.com\/nota\/gobierno-municipal-y-estatal-suman-esfuerzos-por-la-seguridad-e-infraestructura-en-villas-del-pedregal\/","title":{"rendered":"Gobierno Municipal y Estatal suman esfuerzos por la seguridad e infraestructura en Villas del Pedregal"},"content":{"rendered":"<p>Con el prop\u00f3sito decidido de mejorar las condiciones de los miles de morelianos que habitan en el Fraccionamiento Villas del Pedregal de esta ciudad, el Gobierno Estatal y Municipal trabajar\u00e1n en conjunto para dotar de mayor seguridad y vialidades \u00f3ptimas a esta demarcaci\u00f3n.<\/p>\n<p>Lo anterior lo anunciaron el Gobernador de Michoac\u00e1n, Silvano Aureoles Conejo y el Presidente Municipal de Morelia, Alfonso Mart\u00ednez Alc\u00e1zar, durante la Inauguraci\u00f3n del Centro de Espacio de Alimentaci\u00f3n, Encuentro y Desarrollo \u201cLa Casita del Sabor\u201d, que se encuentra en esta zona habitacional.<\/p>\n<p>Ante la Presidenta Honoraria del DIF Municipal, Paola Delgadillo de Mart\u00ednez; la Directora General del Sistema DIF Estatal, Roc\u00edo Beamonte Romero; as\u00ed como del Secretario de Educaci\u00f3n en el estado, Alberto Frutis Sol\u00eds, el Alcalde destac\u00f3 que tal como lo comprometi\u00f3 en campa\u00f1a, unir\u00e1n esfuerzos con la Administraci\u00f3n estatal en beneficio de las miles familias que habitan en este fraccionamiento ubicado al oriente del municipio.<\/p>\n<p>&#8220;Hace m\u00e1s de un a\u00f1o recorrimos Villas del Pedregal para pedir su confianza, estuvimos aqu\u00ed poniendo especial atenci\u00f3n, por eso ahora vamos a trabajar juntos para no s\u00f3lo resolver lo que tiene que ver con la alimentaci\u00f3n, sino tambi\u00e9n para resolver otras necesidades\u201d, afirm\u00f3 luego de reconocer el inter\u00e9s del Gobierno del Estado por respaldar los proyectos a favor de los morelianos.<\/p>\n<p>En este tenor, Mart\u00ednez Alc\u00e1zar refiri\u00f3 que resulta fundamental reforzar la presencia de elementos de seguridad, as\u00ed como mejorar el acceso a dicha demarcaci\u00f3n, \u201cen coordinaci\u00f3n con el estado y el municipio, resolveremos la entrada a este fraccionamiento, porque sabemos lo peligroso que es cruzarlo, esto lo trabajaremos con el Gobernador para encontrar algunas alternativas y arreglar la entrada a este lugar\u201d, a\u00f1adi\u00f3.<\/p>\n<p>En lo que respecta a \u201cLa Casita del Sabor\u201d, el Jefe de la Comuna Morelia enfatiz\u00f3 la importancia de la participaci\u00f3n ciudadana para lograr que este espacio brinde un servicio alimenticio de calidad a favor de las personas de escasos recursos, ello al mencionar la colaboraci\u00f3n de las voluntarias que cocinar\u00e1n para ni\u00f1os, mujeres, adultos mayores y personas con discapacidad.<\/p>\n<p>Al hacer uso de la voz, el Mandatario Estatal hizo menci\u00f3n de la estrecha coordinaci\u00f3n con el Ayuntamiento de Morelia para mejorar las condiciones de este espacio habitacional. Detall\u00f3 que adem\u00e1s de dotar de mayor seguridad a la zona, se embellecer\u00e1n las calles y las \u00e1reas verdes, as\u00ed como se har\u00e1n acciones a favor del preescolar y la primaria que ah\u00ed se encuentran.<\/p>\n<p>En su oportunidad, la Presidenta Honoraria del DIF Morelia, Paola Delgadillo, refrend\u00f3 el compromiso de la Administraci\u00f3n Municipal por establecer acciones coordinadas entre los tres \u00f3rdenes de Gobierno y la ciudadan\u00eda para apoyar a quienes m\u00e1s lo necesitan.<\/p>\n<p>Indic\u00f3 que este centro representa un beneficio para un gran n\u00famero de familias que requieren acceso a comidas de un alto valor nutricional a bajo costo para cuidar su econom\u00eda familiar.<\/p>\n<p>Es de se\u00f1alar, que \u201cLa Casita del Sabor\u201d tendr\u00e1 un impacto positivo en 105 familias, es decir, m\u00e1s de 327 beneficiarios; trabajar\u00e1 en un horario de 12:00 a 18:00 horas los 365 d\u00edas del a\u00f1o.<\/p>\n<p>Lo anterior lo anunciaron el Gobernador de Michoac\u00e1n, Silvano Aureoles Conejo y el Presidente Municipal de Morelia, Alfonso Mart\u00ednez Alc\u00e1zar, durante la Inauguraci\u00f3n del Centro de Espacio de Alimentaci\u00f3n, Encuentro y Desarrollo \u201cLa Casita del Sabor\u201d, que se encuentra en esta zona habitacional.<\/p>\n","protected":false},"excerpt":{"rendered":"<p>Con el prop\u00f3sito decidido de mejorar las condiciones de los miles de morelianos que habitan en el Fraccionamiento Villas del Pedregal de esta ciudad, el Gobierno Estatal y Municipal trabajar\u00e1n en conjunto para dotar de mayor seguridad y vialidades \u00f3ptimas a esta demarcaci\u00f3n.<\/p>\n","protected":false},"author":1,"featured_media":27295,"comment_status":"open","ping_status":"open","sticky":false,"template":"","format":"standard","meta":{"footnotes":""},"categories":[14,9],"tags":[],"class_list":["post-27294","post","type-post","status-publish","format-standard","has-post-thumbnail","hentry","category-destacadas","category-morelia"],"_links":{"self":[{"href":"https:\/\/radiowebmx.com\/nota\/wp-json\/wp\/v2\/posts\/27294","targetHints":{"allow":["GET"]}}],"collection":[{"href":"https:\/\/radiowebmx.com\/nota\/wp-json\/wp\/v2\/posts"}],"about":[{"href":"https:\/\/radiowebmx.com\/nota\/wp-json\/wp\/v2\/types\/post"}],"author":[{"embeddable":true,"href":"https:\/\/radiowebmx.com\/nota\/wp-json\/wp\/v2\/users\/1"}],"replies":[{"embeddable":true,"href":"https:\/\/radiowebmx.com\/nota\/wp-json\/wp\/v2\/comments?post=27294"}],"version-history":[{"count":1,"href":"https:\/\/radiowebmx.com\/nota\/wp-json\/wp\/v2\/posts\/27294\/revisions"}],"predecessor-version":[{"id":27296,"href":"https:\/\/radiowebmx.com\/nota\/wp-json\/wp\/v2\/posts\/27294\/revisions\/27296"}],"wp:featuredmedia":[{"embeddable":true,"href":"https:\/\/radiowebmx.com\/nota\/wp-json\/wp\/v2\/media\/27295"}],"wp:attachment":[{"href":"https:\/\/radiowebmx.com\/nota\/wp-json\/wp\/v2\/media?parent=27294"}],"wp:term":[{"taxonomy":"category","embeddable":true,"href":"https:\/\/radiowebmx.com\/nota\/wp-json\/wp\/v2\/categories?post=27294"},{"taxonomy":"post_tag","embeddable":true,"href":"https:\/\/radiowebmx.com\/nota\/wp-json\/wp\/v2\/tags?post=27294"}],"curies":[{"name":"wp","href":"https:\/\/api.w.org\/{rel}","templated":true}]}}