{"id":27291,"date":"2016-11-04T11:48:09","date_gmt":"2016-11-04T17:48:09","guid":{"rendered":"https:\/\/radiowebmx.com\/nota\/?p=27291"},"modified":"2016-11-04T11:48:09","modified_gmt":"2016-11-04T17:48:09","slug":"morelia-cerrara-2016-con-eventos-de-atletismo","status":"publish","type":"post","link":"https:\/\/radiowebmx.com\/nota\/morelia-cerrara-2016-con-eventos-de-atletismo\/","title":{"rendered":"Morelia cerrar\u00e1 2016 con eventos de atletismo"},"content":{"rendered":"<p>Con el objetivo de cerrar con broche de oro el a\u00f1o en materia deportiva, el Ayuntamiento de Morelia, en colaboraci\u00f3n con la Asociaci\u00f3n de Atletismo del Estado de Michoac\u00e1n, anunci\u00f3 la segunda edici\u00f3n del Festival de Invierno de Atletismo 2016, as\u00ed como el Campeonato Estatal de Campo Traviesa, los cuales tendr\u00e1n verificativo el mes de diciembre pr\u00f3ximo y que marcar\u00e1n el inicio del proceso con miras a la temporada 2017.<\/p>\n<p>El Gobierno Municipal Independiente, encabezado por Alfonso Mart\u00ednez Alc\u00e1zar, a trav\u00e9s del Instituto Municipal de Cultura F\u00edsica y Deporte (IMDE) y su Director General, Gustavo Ju\u00e1rez Bedolla, se ha dado a la tarea dar el mejor uso a las instalaciones deportivas con las que cuenta la ciudad, por tal motivo se concret\u00f3 junto a la AAEM, la segunda edici\u00f3n del magno evento atl\u00e9tico.<\/p>\n<p>En el anunci\u00f3 estuvieron presentes: Gustavo Ju\u00e1rez Bedolla, Director General del IMDE; Antonio Berrueta Ferrioli, presidente de la Asociaci\u00f3n de Atletismo del Estado de Michoac\u00e1n; adem\u00e1s de los deportistas destacados, Alexis Vieira, Melisa Mu\u00f1oz, Viviana Ch\u00e1vez y Alejandro Orozco.<\/p>\n<p>\u201cEste evento marca el arranque de una nueva temporada para el atletismo michoacano, por lo que esperamos una respuesta positiva, que adem\u00e1s colabore en atraer la mayor cantidad de turistas a nuestra ciudad, tal como ha sido una de las pol\u00edticas del Alcalde, Alfonso Mart\u00ednez Alc\u00e1zar. Quiero informar que tambi\u00e9n se puso en marcha la escuela de iniciaci\u00f3n de atletismo, en conjunto con la asociaci\u00f3n, la cual est\u00e1 trabajando en el Complejo Deportivo Bicentenario y que permitir\u00e1 generar nuevos talentos\u201d, se\u00f1al\u00f3 el Director General del IMDE, Gustavo Ju\u00e1rez Bedolla.<\/p>\n<p>\u201cCerramos el a\u00f1o con 2 eventos importantes como son el festival de car\u00e1cter recreativo y el estatal de campo traviesa, adem\u00e1s de que tambi\u00e9n ya tenemos a algunos ni\u00f1os en la escuela de iniciaci\u00f3n, la cual estar\u00e1 bajo nuestro resguardo y ser\u00e1 un parteaguas para el atletismo en el estado\u201d, asegur\u00f3 el titular del atletismo en Michoac\u00e1n, Antonio Berrueta Ferrioli.<\/p>\n<p>La segunda edici\u00f3n del Festival de Invierno de Atletismo tendr\u00e1 verificativo los d\u00edas 3 y 4 de diciembre, en las instalaciones del Complejo Deportivo Bicentenario, con la presencia de alrededor de 250 elementos tanto de Michoac\u00e1n, as\u00ed como representantes del centro del pa\u00eds.<\/p>\n<p>Las categor\u00edas incluidas para el certamen son: Infantil (nacidos del 2004 al 2006), Sub 16, Sub 18, Sub 21, Libre y M\u00e1ster (a partir de los 35 a\u00f1os de edad).<\/p>\n<p>Los participantes realizar\u00e1n pruebas de pista y campo como carreras desde los 80 hasta los 5 mil metros, salto de longitud, triple y de altura, adem\u00e1s de lanzamiento de disco, y bala.<\/p>\n<p>Posteriormente, el domingo 11 de diciembre, Morelia ser\u00e1 la sede del Campeonato Estatal de Campo Traviesa, el cual otorgar\u00e1 hasta 6 pases para el nacional de la especialidad, que tendr\u00e1 lugar en Saltillo Coahuila el 14 de enero de 2017.<\/p>\n<p>El Parque Ecol\u00f3gico de Ciudad Industrial ser\u00e1 el escenario para el desarrollo de la competencia, en la cual se estima compitan 200 atletas, de las categor\u00edas Juvenil, Libre y M\u00e1ster, en distancias de 6 y 8 kil\u00f3metros.<\/p>\n<p>La inscripci\u00f3n para ambos eventos tiene un costo de 100 pesos, pago que se realiza v\u00eda dep\u00f3sito bancario y quedar\u00e1 cerrada el 1 de diciembre para el caso del festival, mientras que en el estatal se extender\u00e1 hasta el d\u00eda de la competencia.<\/p>\n<p>Finalmente, las autoridades hicieron hincapi\u00e9 en la escuela de iniciaci\u00f3n la cual es gratuita e imparte clases los d\u00edas martes y jueves, de 17:00 a 19:00 horas y los s\u00e1bados de 8:30 a 10:00 horas, en el Complejo Deportivo Bicentenario.<\/p>\n","protected":false},"excerpt":{"rendered":"<p>Con el objetivo de cerrar con broche de oro el a\u00f1o en materia deportiva, el Ayuntamiento de Morelia, en colaboraci\u00f3n con la Asociaci\u00f3n de Atletismo del Estado de Michoac\u00e1n, anunci\u00f3 la segunda edici\u00f3n del Festival de Invierno de Atletismo 2016, as\u00ed como el Campeonato Estatal de Campo Traviesa, los cuales tendr\u00e1n verificativo el mes de diciembre pr\u00f3ximo y que marcar\u00e1n el inicio del proceso con miras a la temporada 2017.<\/p>\n","protected":false},"author":1,"featured_media":0,"comment_status":"open","ping_status":"open","sticky":false,"template":"","format":"standard","meta":{"footnotes":""},"categories":[14,9],"tags":[],"class_list":["post-27291","post","type-post","status-publish","format-standard","hentry","category-destacadas","category-morelia"],"_links":{"self":[{"href":"https:\/\/radiowebmx.com\/nota\/wp-json\/wp\/v2\/posts\/27291","targetHints":{"allow":["GET"]}}],"collection":[{"href":"https:\/\/radiowebmx.com\/nota\/wp-json\/wp\/v2\/posts"}],"about":[{"href":"https:\/\/radiowebmx.com\/nota\/wp-json\/wp\/v2\/types\/post"}],"author":[{"embeddable":true,"href":"https:\/\/radiowebmx.com\/nota\/wp-json\/wp\/v2\/users\/1"}],"replies":[{"embeddable":true,"href":"https:\/\/radiowebmx.com\/nota\/wp-json\/wp\/v2\/comments?post=27291"}],"version-history":[{"count":1,"href":"https:\/\/radiowebmx.com\/nota\/wp-json\/wp\/v2\/posts\/27291\/revisions"}],"predecessor-version":[{"id":27293,"href":"https:\/\/radiowebmx.com\/nota\/wp-json\/wp\/v2\/posts\/27291\/revisions\/27293"}],"wp:attachment":[{"href":"https:\/\/radiowebmx.com\/nota\/wp-json\/wp\/v2\/media?parent=27291"}],"wp:term":[{"taxonomy":"category","embeddable":true,"href":"https:\/\/radiowebmx.com\/nota\/wp-json\/wp\/v2\/categories?post=27291"},{"taxonomy":"post_tag","embeddable":true,"href":"https:\/\/radiowebmx.com\/nota\/wp-json\/wp\/v2\/tags?post=27291"}],"curies":[{"name":"wp","href":"https:\/\/api.w.org\/{rel}","templated":true}]}}