{"id":27288,"date":"2016-11-04T11:45:09","date_gmt":"2016-11-04T17:45:09","guid":{"rendered":"https:\/\/radiowebmx.com\/nota\/?p=27288"},"modified":"2016-11-04T11:45:09","modified_gmt":"2016-11-04T17:45:09","slug":"inaugura-silvano-aureoles-la-casita-del-sabor-en-villas-del-pedregal","status":"publish","type":"post","link":"https:\/\/radiowebmx.com\/nota\/inaugura-silvano-aureoles-la-casita-del-sabor-en-villas-del-pedregal\/","title":{"rendered":"Inaugura Silvano Aureoles la \u201cCasita del Sabor\u201d en Villas del Pedregal"},"content":{"rendered":"<p><strong>Morelia, Michoac\u00e1n, a 3 de noviembre de 2016.-<\/strong> El Gobierno est\u00e1 obligado a trabajar para mejorar las condiciones y la calidad de vida de todos los ciudadanos, sobre todo de los que menos tienen, principalmente en el tema de la alimentaci\u00f3n, al ser un factor elemental que todo ser humano debe cubrir para alcanzar su pleno desarrollo; asegur\u00f3 el mandatario estatal, Silvano Aureoles Conejo, al inaugurar el Espacio de Alimentaci\u00f3n, Encuentro y Desarrollo (EAEyD) \u201cla Casita del Sabor\u201d, en el fraccionamiento Villas del Pedregal de esta capital michoacana.<\/p>\n<p>&nbsp;<\/p>\n<p>El Gobernador Constitucional reiter\u00f3 su compromiso con los habitantes de dicha zona habitacional para mejorar todos los servicios como vialidades, el acceso, fortalecer la seguridad, as\u00ed como la construcci\u00f3n y rehabilitaci\u00f3n de los espacios p\u00fablicos y las instituciones escolares.<\/p>\n<p>&nbsp;<\/p>\n<p>\u201cTengo varios compromisos con los habitantes de Villas del Pedregal, no se me olvidan, vamos a seguir trabajando de manera coordinada con el municipio para resolverles sus necesidades; veo las calles en malas condiciones, los espacios p\u00fablicos descuidados, pero eso lo vamos a atender al igual que el tema de la seguridad\u201d, se\u00f1al\u00f3 el Gobernador.<\/p>\n<p>&nbsp;<\/p>\n<p>Adem\u00e1s, resalt\u00f3 que impulsar\u00e1n diversas acciones para que esta zona de la ciudad logre su desarrollo, con mayor inversi\u00f3n y oportunidades para la gente.<\/p>\n<p>&nbsp;<\/p>\n<p>El jefe del Poder Ejecutivo en la entidad, record\u00f3 que pr\u00f3ximamente inaugurar\u00e1n la Unidad de Medicina Familiar del IMSS en Tac\u00edcuaro, lo que resolver\u00e1 el tema de salud en la zona Poniente de Morelia.<\/p>\n<p>&nbsp;<\/p>\n<p>Aureoles Conejo destac\u00f3 que \u201cLa Casita del Sabor\u201d permitir\u00e1 asesorar a las madres de familia para que preparen alimentos sanos y ricos en nutrientes, para combatir la obesidad infantil y evitar el consumo de comida chatarra.<\/p>\n<p>&nbsp;<\/p>\n<p>La directora general del Sistema para el Desarrollo Integral de la Familia, Roc\u00edo Beamonte Romero, explic\u00f3 que tal como lo instruy\u00f3 el Gobernador Silvano Aureoles, el programa de Espacios Alimentaci\u00f3n, Encuentro y Desarrollo lo opera el estado en coordinaci\u00f3n con los DIF municipales; apoyar\u00e1n con despensas, mobiliario, utensilios y todo lo necesario para que un grupo de mujeres voluntarias elaboren la comida.<\/p>\n<p>&nbsp;<\/p>\n<p>Esta casa atender\u00e1 a 105 familias y beneficiar\u00e1 a 325 personas quienes pagar\u00e1n una cuota de recuperaci\u00f3n m\u00ednima para acceder a los alimentos.<\/p>\n<p>&nbsp;<\/p>\n<p>En su intervenci\u00f3n, el presidente municipal de Morelia, Alfonso Mart\u00ednez Alc\u00e1zar y la presidenta del DIF en la capital michoacana, Paola Delgadillo de Mart\u00ednez, resaltaron el trabajo coordinado con el Gobierno del Estado que encabeza Silvano Aureoles para impulsar acciones conjuntas en beneficio de los sectores m\u00e1s vulnerables, como son las ni\u00f1as, ni\u00f1os, adultos mayores y mujeres embarazadas de escasos recursos que requieren el apoyo de alimentaci\u00f3n.<\/p>\n<p>&nbsp;<\/p>\n<p>La casa la entreg\u00f3 en comodato por dos a\u00f1os la se\u00f1ora propietaria y administradora del Comit\u00e9, Luz Elena Romero Espinoza.<\/p>\n<p>&nbsp;<\/p>\n<p>Tambi\u00e9n acudi\u00f3 a este evento el secretario de Educaci\u00f3n en el estado, Alberto Frutis Sol\u00eds y la representante del Comit\u00e9 de Espacios de Alimentaci\u00f3n, Encuentro y Desarrollo, Melina Lemus Orozco, as\u00ed como distintas autoridades estatales y municipales.<\/p>\n","protected":false},"excerpt":{"rendered":"<p>\u201cTengo varios compromisos con los habitantes de Villas del Pedregal, no se me olvidan, vamos a seguir trabajando de manera coordinada con el municipio para resolverles sus necesidades; veo las calles en malas condiciones, los espacios p\u00fablicos descuidados, pero eso lo vamos a atender al igual que el tema de la seguridad\u201d, se\u00f1al\u00f3 el Gobernador.<\/p>\n","protected":false},"author":1,"featured_media":27289,"comment_status":"open","ping_status":"open","sticky":false,"template":"","format":"standard","meta":{"footnotes":""},"categories":[14,3],"tags":[],"class_list":["post-27288","post","type-post","status-publish","format-standard","has-post-thumbnail","hentry","category-destacadas","category-gobierno-del-estado-de-michoacan"],"_links":{"self":[{"href":"https:\/\/radiowebmx.com\/nota\/wp-json\/wp\/v2\/posts\/27288","targetHints":{"allow":["GET"]}}],"collection":[{"href":"https:\/\/radiowebmx.com\/nota\/wp-json\/wp\/v2\/posts"}],"about":[{"href":"https:\/\/radiowebmx.com\/nota\/wp-json\/wp\/v2\/types\/post"}],"author":[{"embeddable":true,"href":"https:\/\/radiowebmx.com\/nota\/wp-json\/wp\/v2\/users\/1"}],"replies":[{"embeddable":true,"href":"https:\/\/radiowebmx.com\/nota\/wp-json\/wp\/v2\/comments?post=27288"}],"version-history":[{"count":1,"href":"https:\/\/radiowebmx.com\/nota\/wp-json\/wp\/v2\/posts\/27288\/revisions"}],"predecessor-version":[{"id":27290,"href":"https:\/\/radiowebmx.com\/nota\/wp-json\/wp\/v2\/posts\/27288\/revisions\/27290"}],"wp:featuredmedia":[{"embeddable":true,"href":"https:\/\/radiowebmx.com\/nota\/wp-json\/wp\/v2\/media\/27289"}],"wp:attachment":[{"href":"https:\/\/radiowebmx.com\/nota\/wp-json\/wp\/v2\/media?parent=27288"}],"wp:term":[{"taxonomy":"category","embeddable":true,"href":"https:\/\/radiowebmx.com\/nota\/wp-json\/wp\/v2\/categories?post=27288"},{"taxonomy":"post_tag","embeddable":true,"href":"https:\/\/radiowebmx.com\/nota\/wp-json\/wp\/v2\/tags?post=27288"}],"curies":[{"name":"wp","href":"https:\/\/api.w.org\/{rel}","templated":true}]}}