{"id":27265,"date":"2016-11-03T13:41:12","date_gmt":"2016-11-03T19:41:12","guid":{"rendered":"https:\/\/radiowebmx.com\/nota\/?p=27265"},"modified":"2016-11-03T13:41:12","modified_gmt":"2016-11-03T19:41:12","slug":"reconoce-carlos-quintana-dialogo-exitoso-para-liberacion-de-umsnh","status":"publish","type":"post","link":"https:\/\/radiowebmx.com\/nota\/reconoce-carlos-quintana-dialogo-exitoso-para-liberacion-de-umsnh\/","title":{"rendered":"RECONOCE CARLOS QUINTANA DI\u00c1LOGO EXITOSO PARA LIBERACI\u00d3N DE UMSNH"},"content":{"rendered":"<p class=\"x_MsoNormal\">Por ser el m\u00e1ximo referente educativo de Michoac\u00e1n, la Universidad Michoacana\u00a0 junto con toda la comunidad acad\u00e9mica y estudiantil, deber\u00e1n mantener un compromiso absoluto por permanecer de puertas abiertas y recuperar en la medida de lo posible el tiempo perdido, luego de la toma que se prolongara durante 66 d\u00edas, asegur\u00f3 el coordinador de los diputados del PAN, Carlos Quintana Mart\u00ednez.<\/p>\n<p class=\"x_MsoNormal\">Al respecto y luego de la liberaci\u00f3n total de las instalaciones de la M\u00e1xima Casa de Estudios, Quintana Mart\u00ednez reiter\u00f3 la urgencia de que todas las partes involucradas mantengan el di\u00e1logo como la opci\u00f3n m\u00e1s viable para concretar resultados en favor de la educaci\u00f3n p\u00fablica.<\/p>\n<p class=\"x_MsoNormal\">Record\u00f3 que desde hace m\u00e1s de 12 meses ha hecho un llamado a la voluntad de todos para sentarse y analizar una reforma integral a la Ley Org\u00e1nica de la Universidad, permitiendo as\u00ed la modernizaci\u00f3n en su operaci\u00f3n administrativa y con ello, prolongar la vida por much\u00edsimos a\u00f1os de esta instituci\u00f3n tan emblem\u00e1tica y necesaria para la educaci\u00f3n del estado y del pa\u00eds.<\/p>\n<p class=\"x_MsoNormal\">\n<p class=\"x_MsoNormal\">\u201cDesde el 2015, cuando iniciamos la discusi\u00f3n sobre el presupuesto 2016 de la Universidad, he pedido a todos los involucrados disposici\u00f3n para ponerse de acuerdo y \u00a0lograr una reforma integral a su Ley Org\u00e1nica, lo que permitir\u00e1 aprovechar de mejor manera los recursos con los que cuenta esta instituci\u00f3n y garantizar la estancia de futuras generaciones estudiantiles y de docentes en la M\u00e1xima Casa de Estudios\u201d, cit\u00f3 el legislador.<\/p>\n<p class=\"x_MsoNormal\">En conclusi\u00f3n, Carlos Quintana reconoci\u00f3 el esfuerzo de todas las partes por liberar las instalaciones y permitir con ello que los j\u00f3venes reanuden las clases, reiterando que s\u00f3lo a trav\u00e9s del di\u00e1logo se superan las diferencias y se encuentra en las coincidencias el camino m\u00e1s viable\u00a0 hacia el desarrollo de Michoac\u00e1n.<\/p>\n","protected":false},"excerpt":{"rendered":"<p>Por ser el m\u00e1ximo referente educativo de Michoac\u00e1n, la UM  junto con toda la comunidad acad\u00e9mica y estudiantil, deber\u00e1n mantener un compromiso absoluto por permanecer de puertas abiertas y recuperar en la medida de lo posible el tiempo perdido, luego de la toma que se prolongara durante 66 d\u00edas, asegur\u00f3 el coordinador de los diputados del PAN, Carlos Quintana Mart\u00ednez.<\/p>\n","protected":false},"author":1,"featured_media":27266,"comment_status":"open","ping_status":"open","sticky":false,"template":"","format":"standard","meta":{"footnotes":""},"categories":[6,14,8],"tags":[],"class_list":["post-27265","post","type-post","status-publish","format-standard","has-post-thumbnail","hentry","category-congreso-del-estado","category-destacadas","category-grupo-parlamentario-del-pan"],"_links":{"self":[{"href":"https:\/\/radiowebmx.com\/nota\/wp-json\/wp\/v2\/posts\/27265","targetHints":{"allow":["GET"]}}],"collection":[{"href":"https:\/\/radiowebmx.com\/nota\/wp-json\/wp\/v2\/posts"}],"about":[{"href":"https:\/\/radiowebmx.com\/nota\/wp-json\/wp\/v2\/types\/post"}],"author":[{"embeddable":true,"href":"https:\/\/radiowebmx.com\/nota\/wp-json\/wp\/v2\/users\/1"}],"replies":[{"embeddable":true,"href":"https:\/\/radiowebmx.com\/nota\/wp-json\/wp\/v2\/comments?post=27265"}],"version-history":[{"count":1,"href":"https:\/\/radiowebmx.com\/nota\/wp-json\/wp\/v2\/posts\/27265\/revisions"}],"predecessor-version":[{"id":27267,"href":"https:\/\/radiowebmx.com\/nota\/wp-json\/wp\/v2\/posts\/27265\/revisions\/27267"}],"wp:featuredmedia":[{"embeddable":true,"href":"https:\/\/radiowebmx.com\/nota\/wp-json\/wp\/v2\/media\/27266"}],"wp:attachment":[{"href":"https:\/\/radiowebmx.com\/nota\/wp-json\/wp\/v2\/media?parent=27265"}],"wp:term":[{"taxonomy":"category","embeddable":true,"href":"https:\/\/radiowebmx.com\/nota\/wp-json\/wp\/v2\/categories?post=27265"},{"taxonomy":"post_tag","embeddable":true,"href":"https:\/\/radiowebmx.com\/nota\/wp-json\/wp\/v2\/tags?post=27265"}],"curies":[{"name":"wp","href":"https:\/\/api.w.org\/{rel}","templated":true}]}}