{"id":27262,"date":"2016-11-03T13:34:10","date_gmt":"2016-11-03T19:34:10","guid":{"rendered":"https:\/\/radiowebmx.com\/nota\/?p=27262"},"modified":"2016-11-03T13:34:10","modified_gmt":"2016-11-03T19:34:10","slug":"presenta-diputada-yarabi-avila-ley-de-prospectiva-y-desarrollo-de-los-padres-y-madres-jefas-de-familia-para-michoacan","status":"publish","type":"post","link":"https:\/\/radiowebmx.com\/nota\/presenta-diputada-yarabi-avila-ley-de-prospectiva-y-desarrollo-de-los-padres-y-madres-jefas-de-familia-para-michoacan\/","title":{"rendered":"Presenta diputada Yarab\u00ed \u00c1vila Ley de Prospectiva y Desarrollo de los Padres y Madres Jefas de Familia para Michoac\u00e1n"},"content":{"rendered":"<p><b>Morelia; Michoac\u00e1n, 03 noviembre de 2016.-<\/b> Con la finalidad de garantizar la igualdad sustantiva entre hombres y mujeres y la efectividad de las pol\u00edticas p\u00fablicas encaminadas a cerrar las diferencias que en distintos \u00e1mbitos se han generado entre hombres y mujeres, la diputada del PRI por Morelia Noroeste, Yarab\u00ed \u00c1vila Gonz\u00e1lez, present\u00f3 este jueves ante el Pleno del Congreso del Estado, la iniciativa de Ley de Prospectiva y Desarrollo de los Padres y Madres Jefas de Familia para Michoac\u00e1n.<\/p>\n<p>La propuesta adem\u00e1s se acompa\u00f1ar\u00e1 de una intensa campa\u00f1a de conocimiento de esta legislaci\u00f3n, derechos de los jefes y jefas de familia, promoci\u00f3n de una cultura a favor de la igualdad sustantiva, talleres y cursos de capacitaci\u00f3n tanto a jefes como jefas de familia, anunci\u00f3 la diputada tricolor.<\/p>\n<p>El marco legal de avanzada e innovador busca generar el entramado jur\u00eddico que brinde mayores oportunidades de crecimiento personal, desarrollo humano, capacitaci\u00f3n laboral y fortaleza familiar, no s\u00f3lo a mujeres sino tambi\u00e9n a los hombres, y regular los derechos de los padres y madres jefas de familia en el Estado, as\u00ed como pol\u00edticas p\u00fablicas y programas con prospectiva, tendientes a mejorar las condiciones de vida y de sus menores hijos, dijo la diputada.<\/p>\n<p>Yarab\u00ed \u00c1vila Gonz\u00e1lez manifest\u00f3 que en su compromiso con la transparencia y rendici\u00f3n de cuentas, tambi\u00e9n se buscar\u00e1 llevar a cabo una real fiscalizaci\u00f3n, donde se propone informar a esta soberan\u00eda, del inicio del programa y de los criterios de selecci\u00f3n para integrar el padr\u00f3n de beneficiarios y beneficiarias en el Estado.<\/p>\n<p>\u201cSe buscar\u00e1 llevar a cabo una real fiscalizaci\u00f3n al proponerse el que se informe a esta soberan\u00eda y a la ciudadan\u00eda, del inicio del programa y de los criterios de selecci\u00f3n para integrar el padr\u00f3n de beneficiarios y beneficiarias del estado, ser\u00e1 fundamental evaluar los programas sociales en cuanto a sus objetivos generales y espec\u00edficos\u201d, se\u00f1al\u00f3.<\/p>\n<p>Detall\u00f3 que la actual Ley General para la Igualdad entre hombres y mujeres, es limitada y ha sido rebasada, ya que impide que hombres que quedan al frente de sus familias y sin pareja, acceder a los apoyos y beneficios que ofrece este marco legal.<\/p>\n<p>Por ello, subray\u00f3 que\u00a0 la iniciativa de Ley de Prospectiva y Desarrollo de los Padres y Madres Jefas de Familia para Michoac\u00e1n, es garantizar el acceso para ambos, pero adem\u00e1s identifica los principios que son rectores en la implementaci\u00f3n de pol\u00edticas p\u00fablicas y acciones del Gobierno, no s\u00f3lo el del Estado, sino que tambi\u00e9n se involucra a los municipios en esta tarea de corresponsabilidad social, los cuales coadyuvar\u00e1n en la implementaci\u00f3n de acciones que permitan focalizar de manera inmediata los hogares con jefes y jefas de familia.<\/p>\n<p>La diputada enfatiz\u00f3 que la propuesta de Ley de Prospectiva y Desarrollo de los Padres y Madres Jefas de Familia del Estado de Michoac\u00e1n de Ocampo, ser\u00e1 vanguardista porque no s\u00f3lo establece derechos para ambos g\u00e9neros, sino que se ir\u00e1 adaptando para hacer probable el futuro m\u00e1s deseable para los padres y las madres cabezas de hogar, buscando mejorar sus condiciones de vida y de sus menores hijos, a fin de integrarlos al desarrollo social, pol\u00edtico, econ\u00f3mico y cultural, recibiendo los beneficios que garanticen sus derecho humanos.<\/p>\n","protected":false},"excerpt":{"rendered":"<p> Con la finalidad de garantizar la igualdad sustantiva entre hombres y mujeres y la efectividad de las pol\u00edticas p\u00fablicas encaminadas a cerrar las diferencias que en distintos \u00e1mbitos se han generado entre hombres y mujeres, la diputada Yarab\u00ed \u00c1vila Gonz\u00e1lez, present\u00f3 este jueves ante el Pleno del Congreso del Estado una iniciativa <\/p>\n","protected":false},"author":1,"featured_media":27263,"comment_status":"open","ping_status":"open","sticky":false,"template":"","format":"standard","meta":{"footnotes":""},"categories":[6,14,7],"tags":[],"class_list":["post-27262","post","type-post","status-publish","format-standard","has-post-thumbnail","hentry","category-congreso-del-estado","category-destacadas","category-grupo-parlamentario-del-pri"],"_links":{"self":[{"href":"https:\/\/radiowebmx.com\/nota\/wp-json\/wp\/v2\/posts\/27262","targetHints":{"allow":["GET"]}}],"collection":[{"href":"https:\/\/radiowebmx.com\/nota\/wp-json\/wp\/v2\/posts"}],"about":[{"href":"https:\/\/radiowebmx.com\/nota\/wp-json\/wp\/v2\/types\/post"}],"author":[{"embeddable":true,"href":"https:\/\/radiowebmx.com\/nota\/wp-json\/wp\/v2\/users\/1"}],"replies":[{"embeddable":true,"href":"https:\/\/radiowebmx.com\/nota\/wp-json\/wp\/v2\/comments?post=27262"}],"version-history":[{"count":1,"href":"https:\/\/radiowebmx.com\/nota\/wp-json\/wp\/v2\/posts\/27262\/revisions"}],"predecessor-version":[{"id":27264,"href":"https:\/\/radiowebmx.com\/nota\/wp-json\/wp\/v2\/posts\/27262\/revisions\/27264"}],"wp:featuredmedia":[{"embeddable":true,"href":"https:\/\/radiowebmx.com\/nota\/wp-json\/wp\/v2\/media\/27263"}],"wp:attachment":[{"href":"https:\/\/radiowebmx.com\/nota\/wp-json\/wp\/v2\/media?parent=27262"}],"wp:term":[{"taxonomy":"category","embeddable":true,"href":"https:\/\/radiowebmx.com\/nota\/wp-json\/wp\/v2\/categories?post=27262"},{"taxonomy":"post_tag","embeddable":true,"href":"https:\/\/radiowebmx.com\/nota\/wp-json\/wp\/v2\/tags?post=27262"}],"curies":[{"name":"wp","href":"https:\/\/api.w.org\/{rel}","templated":true}]}}