{"id":27238,"date":"2016-11-03T12:09:56","date_gmt":"2016-11-03T18:09:56","guid":{"rendered":"https:\/\/radiowebmx.com\/nota\/?p=27238"},"modified":"2016-11-03T12:09:56","modified_gmt":"2016-11-03T18:09:56","slug":"capacita-ayuntamiento-a-sus-funcionarios-municipales-en-materia-de-derechos-humanos","status":"publish","type":"post","link":"https:\/\/radiowebmx.com\/nota\/capacita-ayuntamiento-a-sus-funcionarios-municipales-en-materia-de-derechos-humanos\/","title":{"rendered":"Capacita Ayuntamiento a sus funcionarios municipales en materia de Derechos Humanos"},"content":{"rendered":"<p>Con el objetivo de ofrecer a la ciudadan\u00eda un mejor trato y garantizar un servicio de calidad en estricto apego a los derechos humanos por parte de los funcionarios municipales, el Ayuntamiento de Morelia a trav\u00e9s de la Direcci\u00f3n de Derechos Humanos, Mediaci\u00f3n y Conciliaci\u00f3n, ofreci\u00f3 a los trabajadores del Instituto de la Mujer Moreliana, DIF Municipal y el Centro de Atenci\u00f3n a V\u00edctimas, un curso impartido por Laura Elizabeth Zaragoza, Sub Coordinadora de Igualdad de la Comisi\u00f3n Estatal de Derechos Humanos.<\/p>\n<p>La Titular de la Direcci\u00f3n de Derechos Humanos, Mediaci\u00f3n y Conciliaci\u00f3n Municipal, Emilia Guillermina Bucio Pi\u00f1\u00f3n, explic\u00f3 que este curso es tan solo el primero de tres m\u00f3dulos, que recibir\u00e1n los funcionarios municipales de diversas dependencias y Secretarias a lo largo de los d\u00edas jueves y viernes.<\/p>\n<p>Dijo que este viernes ser\u00e1n impartidos dos m\u00f3dulos m\u00e1s con tem\u00e1ticas como pol\u00edticas P\u00fablicas con Perspectivas de Derechos Humanos y de G\u00e9nero y Derechos Humanos de las Mujeres.<\/p>\n<p>Bucio Pi\u00f1\u00f3n se\u00f1al\u00f3 que se espera que de estas capacitaciones salgan indicadores que permitan realizar un estudio social o evaluaci\u00f3n acerca del estado en que se encuentra el municipio en temas tan trascendentes como los tocados por los tres m\u00f3dulos.<\/p>\n<p>Concluy\u00f3 afirmando que para el Presidente Municipal de Morelia, Alfonso Mart\u00ednez Alc\u00e1zar, resulta primordial que los funcionarios p\u00fablicos cuenten con la capacitaci\u00f3n y las herramientas necesarias para ofrecer el mejor servicio posible.<\/p>\n","protected":false},"excerpt":{"rendered":"<p>el Ayuntamiento de Morelia ofreci\u00f3 a los trabajadores del Instituto de la Mujer Moreliana, DIF Municipal y el Centro de Atenci\u00f3n a V\u00edctimas, un curso impartido por Laura Elizabeth Zaragoza, Sub Coordinadora de Igualdad de la Comisi\u00f3n Estatal de Derechos Humanos.<\/p>\n","protected":false},"author":1,"featured_media":27239,"comment_status":"open","ping_status":"open","sticky":false,"template":"","format":"standard","meta":{"footnotes":""},"categories":[14,9],"tags":[],"class_list":["post-27238","post","type-post","status-publish","format-standard","has-post-thumbnail","hentry","category-destacadas","category-morelia"],"_links":{"self":[{"href":"https:\/\/radiowebmx.com\/nota\/wp-json\/wp\/v2\/posts\/27238","targetHints":{"allow":["GET"]}}],"collection":[{"href":"https:\/\/radiowebmx.com\/nota\/wp-json\/wp\/v2\/posts"}],"about":[{"href":"https:\/\/radiowebmx.com\/nota\/wp-json\/wp\/v2\/types\/post"}],"author":[{"embeddable":true,"href":"https:\/\/radiowebmx.com\/nota\/wp-json\/wp\/v2\/users\/1"}],"replies":[{"embeddable":true,"href":"https:\/\/radiowebmx.com\/nota\/wp-json\/wp\/v2\/comments?post=27238"}],"version-history":[{"count":1,"href":"https:\/\/radiowebmx.com\/nota\/wp-json\/wp\/v2\/posts\/27238\/revisions"}],"predecessor-version":[{"id":27240,"href":"https:\/\/radiowebmx.com\/nota\/wp-json\/wp\/v2\/posts\/27238\/revisions\/27240"}],"wp:featuredmedia":[{"embeddable":true,"href":"https:\/\/radiowebmx.com\/nota\/wp-json\/wp\/v2\/media\/27239"}],"wp:attachment":[{"href":"https:\/\/radiowebmx.com\/nota\/wp-json\/wp\/v2\/media?parent=27238"}],"wp:term":[{"taxonomy":"category","embeddable":true,"href":"https:\/\/radiowebmx.com\/nota\/wp-json\/wp\/v2\/categories?post=27238"},{"taxonomy":"post_tag","embeddable":true,"href":"https:\/\/radiowebmx.com\/nota\/wp-json\/wp\/v2\/tags?post=27238"}],"curies":[{"name":"wp","href":"https:\/\/api.w.org\/{rel}","templated":true}]}}