{"id":27232,"date":"2016-11-03T11:52:45","date_gmt":"2016-11-03T17:52:45","guid":{"rendered":"https:\/\/radiowebmx.com\/nota\/?p=27232"},"modified":"2016-11-03T11:52:45","modified_gmt":"2016-11-03T17:52:45","slug":"ayuntamiento-de-morelia-busca-mayor-vinculacion-del-implan-con-la-ciudadania","status":"publish","type":"post","link":"https:\/\/radiowebmx.com\/nota\/ayuntamiento-de-morelia-busca-mayor-vinculacion-del-implan-con-la-ciudadania\/","title":{"rendered":"Ayuntamiento de Morelia busca mayor vinculaci\u00f3n del IMPLAN con la ciudadan\u00eda"},"content":{"rendered":"<p>La Comisi\u00f3n de Desarrollo Urbano y Obras P\u00fablicas dotar\u00e1 de herramientas para mejorar el trabajo del Instituto Municipal de Planeaci\u00f3n de Morelia (IMPLAN), con la finalidad de dar m\u00e1s fortaleza a la implementaci\u00f3n del Programa Morelia NExT.<\/p>\n<p>En reuni\u00f3n de trabajo de esta \u00e1rea de Cabildo, se recibi\u00f3 al Consejo Ciudadano en donde se plante\u00f3 el dotar al IMPLAN de una participaci\u00f3n m\u00e1s activa en la toma de decisiones en beneficio del ordenamiento urbano del municipio.<\/p>\n<p>\u201cSoy de la idea que el IMPLAN debe ser adoptado por los ciudadanos, entonces todas las decisiones que se est\u00e1n tomando, sobre todo proyectos estrat\u00e9gicos, deben consolidarse\u201d, destac\u00f3 el Regidor, Jorge Tinoco.<\/p>\n<p>El Coordinador de la Comisi\u00f3n de Desarrollo Urbano y Obras P\u00fablicas y los integrantes Mar\u00eda Elisa Garrido P\u00e9rez y Salvador Arvizu Cisneros sostuvieron labores en conjunto del Consejo Cuidado que encabeza el Secretario T\u00e9cnico,\u00a0 Erick Avil\u00e9s Mart\u00ednez.<\/p>\n<p>Adem\u00e1s en esta sesi\u00f3n de trabajo se cont\u00f3 con las aportaciones de los consejeros, Juan Jos\u00e9 Ortiz de la Comisi\u00f3n de Crecimiento Urbano, Rogelio Guzm\u00e1n de Movilidad, Claudia Garc\u00eda Paulin de Crecimiento Urbano, Servando Gonz\u00e1lez Hern\u00e1ndez de Desarrollo Rural, as\u00ed como Hiram Osiris Vald\u00e9s Hern\u00e1ndez, quienes aportaron ideas de un proyecto de estudio para dotar a la ciudad de un programa integral de movilidad.<\/p>\n<p>Algunos de los puntos a abordar fueron el transporte p\u00fablico, la atenci\u00f3n a vialidades, as\u00ed como la calidad de trabajos que se realizan en bacheo y reencarpetamiento.<\/p>\n<p>Tinoco Ortiz destac\u00f3 que el ordenamiento urbano y la movilidad son de las prioridades en esta Administraci\u00f3n que encabeza el Alcalde, Alfonso Mart\u00ednez Alc\u00e1zar para dotar de un mejor entorno para el desarrollo de las vidas de las familias morelianas.<\/p>\n<p>Cabe destacar que estos trabajos tambi\u00e9n incluyeron la atenci\u00f3n a la zona rural en los que se sum\u00f3 el cuidado de las \u00e1reas sub-urbanas y el desarrollo de complejos habitacionales amables con el medio ambiente y la conectividad con las comunidades.<\/p>\n","protected":false},"excerpt":{"rendered":"<p>La Comisi\u00f3n de Desarrollo Urbano y Obras P\u00fablicas dotar\u00e1 de herramientas para mejorar el trabajo del Instituto Municipal de Planeaci\u00f3n de Morelia (IMPLAN), con la finalidad de dar m\u00e1s fortaleza a la implementaci\u00f3n del Programa Morelia NExT.<\/p>\n","protected":false},"author":1,"featured_media":27233,"comment_status":"open","ping_status":"open","sticky":false,"template":"","format":"standard","meta":{"footnotes":""},"categories":[14,9],"tags":[],"class_list":["post-27232","post","type-post","status-publish","format-standard","has-post-thumbnail","hentry","category-destacadas","category-morelia"],"_links":{"self":[{"href":"https:\/\/radiowebmx.com\/nota\/wp-json\/wp\/v2\/posts\/27232","targetHints":{"allow":["GET"]}}],"collection":[{"href":"https:\/\/radiowebmx.com\/nota\/wp-json\/wp\/v2\/posts"}],"about":[{"href":"https:\/\/radiowebmx.com\/nota\/wp-json\/wp\/v2\/types\/post"}],"author":[{"embeddable":true,"href":"https:\/\/radiowebmx.com\/nota\/wp-json\/wp\/v2\/users\/1"}],"replies":[{"embeddable":true,"href":"https:\/\/radiowebmx.com\/nota\/wp-json\/wp\/v2\/comments?post=27232"}],"version-history":[{"count":1,"href":"https:\/\/radiowebmx.com\/nota\/wp-json\/wp\/v2\/posts\/27232\/revisions"}],"predecessor-version":[{"id":27234,"href":"https:\/\/radiowebmx.com\/nota\/wp-json\/wp\/v2\/posts\/27232\/revisions\/27234"}],"wp:featuredmedia":[{"embeddable":true,"href":"https:\/\/radiowebmx.com\/nota\/wp-json\/wp\/v2\/media\/27233"}],"wp:attachment":[{"href":"https:\/\/radiowebmx.com\/nota\/wp-json\/wp\/v2\/media?parent=27232"}],"wp:term":[{"taxonomy":"category","embeddable":true,"href":"https:\/\/radiowebmx.com\/nota\/wp-json\/wp\/v2\/categories?post=27232"},{"taxonomy":"post_tag","embeddable":true,"href":"https:\/\/radiowebmx.com\/nota\/wp-json\/wp\/v2\/tags?post=27232"}],"curies":[{"name":"wp","href":"https:\/\/api.w.org\/{rel}","templated":true}]}}