{"id":27229,"date":"2016-11-03T11:45:04","date_gmt":"2016-11-03T17:45:04","guid":{"rendered":"https:\/\/radiowebmx.com\/nota\/?p=27229"},"modified":"2016-11-03T11:45:04","modified_gmt":"2016-11-03T17:45:04","slug":"gobierno-municipal-realiza-limpieza-inmediata-tras-dia-de-muertos","status":"publish","type":"post","link":"https:\/\/radiowebmx.com\/nota\/gobierno-municipal-realiza-limpieza-inmediata-tras-dia-de-muertos\/","title":{"rendered":"Gobierno Municipal realiza limpieza inmediata tras D\u00eda de Muertos"},"content":{"rendered":"<p>En el \u00e1nimo de mantener la belleza de la capital michoacana, el Ayuntamiento de Morelia, que encabeza el Alcalde, Alfonso Mart\u00ednez Alc\u00e1zar, implement\u00f3 faenas de limpieza inmediatas en el Pante\u00f3n Municipal, as\u00ed como en el Centro Hist\u00f3rico donde se vivi\u00f3 una hist\u00f3rica celebraci\u00f3n de D\u00eda de Muertos, durante este 01 y las primeras horas del 02 de noviembre.<\/p>\n<p>Fue a trav\u00e9s de la Direcci\u00f3n de Residuos S\u00f3lidos \u00a0de la Secretar\u00eda de Servicios P\u00fablicos, \u00a0que el personal \u00a0se distribuy\u00f3 en varias cuadrillas para poder realizar la limpieza en el camposanto y el coraz\u00f3n de la ciudad, de tal manera que morelianos y turistas disfrutaran lo que resta de la celebraci\u00f3n en un entorno limpio y agradable.<\/p>\n<p>El titular de esta dependencia municipal, Jos\u00e9 Luis Gil V\u00e1zquez, resalt\u00f3 que desde el inicio de esta Administraci\u00f3n se hizo el compromiso de realizar faenas de limpieza, para mantener limpia Morelia, por lo que est\u00e1 ocasi\u00f3n no fue la excepci\u00f3n.<\/p>\n<p>Mencion\u00f3 que este martes 01 de noviembre, se generaron un total de 240 toneladas de residuos, de las cuales 80 se recolectaron en el Centro Hist\u00f3rico, principalmente en las plazas Valladolid, Melchor Ocampo, De Armas, San Agust\u00edn, Cerrada de San Agust\u00edn, Biblioteca P\u00fablica y calles aleda\u00f1as.<\/p>\n<p>Mientas que las Plazas Villalong\u00edn, calzada Fray Antonio de San Miguel, Jard\u00edn Morelos, \u00a0Jard\u00edn de 1847, Acueducto y calles de la zona, se acumularon 80 toneladas; en tanto que al interior del Pante\u00f3n Municipal se recolectaron 50 toneladas y en el \u00e1rea comercial de la periferia al camposanto la basura recolectada ascendi\u00f3 a 30 toneladas.<\/p>\n<p>Por su parte, Paulino Vel\u00e1zquez Mart\u00ednez, Director de Residuos S\u00f3lidos, coment\u00f3 que se doblar\u00e1n los esfuerzos durante este mi\u00e9rcoles y jueves, en el operativo de limpieza que comienza a las 22:00 horas para concluir a las 5:00 horas del d\u00eda 3 de noviembre.<\/p>\n<p>&#8220;Queremos que Morelia amanezca tan majestuosa como este martes, para que contin\u00fae siendo admirada por propios y extra\u00f1os&#8221;, finaliz\u00f3.<\/p>\n","protected":false},"excerpt":{"rendered":"<p>En el \u00e1nimo de mantener la belleza de la capital michoacana, el Ayuntamiento de Morelia, que encabeza el Alcalde, AMA, implement\u00f3 faenas de limpieza inmediatas en el Pante\u00f3n Municipal, as\u00ed como en el Centro Hist\u00f3rico donde se vivi\u00f3 una hist\u00f3rica celebraci\u00f3n de D\u00eda de Muertos, durante este 01 y las primeras horas del 02 de noviembre. <\/p>\n","protected":false},"author":1,"featured_media":27230,"comment_status":"open","ping_status":"open","sticky":false,"template":"","format":"standard","meta":{"footnotes":""},"categories":[14,9],"tags":[],"class_list":["post-27229","post","type-post","status-publish","format-standard","has-post-thumbnail","hentry","category-destacadas","category-morelia"],"_links":{"self":[{"href":"https:\/\/radiowebmx.com\/nota\/wp-json\/wp\/v2\/posts\/27229","targetHints":{"allow":["GET"]}}],"collection":[{"href":"https:\/\/radiowebmx.com\/nota\/wp-json\/wp\/v2\/posts"}],"about":[{"href":"https:\/\/radiowebmx.com\/nota\/wp-json\/wp\/v2\/types\/post"}],"author":[{"embeddable":true,"href":"https:\/\/radiowebmx.com\/nota\/wp-json\/wp\/v2\/users\/1"}],"replies":[{"embeddable":true,"href":"https:\/\/radiowebmx.com\/nota\/wp-json\/wp\/v2\/comments?post=27229"}],"version-history":[{"count":1,"href":"https:\/\/radiowebmx.com\/nota\/wp-json\/wp\/v2\/posts\/27229\/revisions"}],"predecessor-version":[{"id":27231,"href":"https:\/\/radiowebmx.com\/nota\/wp-json\/wp\/v2\/posts\/27229\/revisions\/27231"}],"wp:featuredmedia":[{"embeddable":true,"href":"https:\/\/radiowebmx.com\/nota\/wp-json\/wp\/v2\/media\/27230"}],"wp:attachment":[{"href":"https:\/\/radiowebmx.com\/nota\/wp-json\/wp\/v2\/media?parent=27229"}],"wp:term":[{"taxonomy":"category","embeddable":true,"href":"https:\/\/radiowebmx.com\/nota\/wp-json\/wp\/v2\/categories?post=27229"},{"taxonomy":"post_tag","embeddable":true,"href":"https:\/\/radiowebmx.com\/nota\/wp-json\/wp\/v2\/tags?post=27229"}],"curies":[{"name":"wp","href":"https:\/\/api.w.org\/{rel}","templated":true}]}}