{"id":27226,"date":"2016-11-03T11:43:22","date_gmt":"2016-11-03T17:43:22","guid":{"rendered":"https:\/\/radiowebmx.com\/nota\/?p=27226"},"modified":"2016-11-03T11:43:22","modified_gmt":"2016-11-03T17:43:22","slug":"millonaria-derrama-economica-por-venta-de-artesanias-con-motivo-de-la-noche-de-muertos","status":"publish","type":"post","link":"https:\/\/radiowebmx.com\/nota\/millonaria-derrama-economica-por-venta-de-artesanias-con-motivo-de-la-noche-de-muertos\/","title":{"rendered":"Millonaria derrama econ\u00f3mica por venta de artesan\u00edas con motivo de la Noche de Muertos"},"content":{"rendered":"<p><strong>P\u00e1tzcuaro, Michoac\u00e1n, a 2 de noviembre de 2016.-\u00a0<\/strong>En esta temporada de Noche de Muertos, 350 artesanas y artesanos provenientes de 37 comunidades de 21 municipios del estado exhiben y ponen a la venta sus creaciones en la plaza Don Vasco, en este municipio, con lo que se prev\u00e9 una derrama econ\u00f3mica de 3 millones de pesos en beneficio de las y los art\u00edfices y sus familias.<\/p>\n<p>El director general del Instituto del Artesano Michoacano (IAM), Claudio M\u00e9ndez Fern\u00e1ndez, se\u00f1al\u00f3 que\u00a0\u00e9ste es uno de los escaparates con mayor presencia de turistas nacionales e internacionales, que son conocedores y admiradores de las grandes obras que crean los artesanos michoacanos.<\/p>\n<p>Asimismo, destac\u00f3 que la venta de las piezas del concurso artesanal, que termina el 3 de noviembre, en el Antiguo Colegio Jesuita, hasta la fecha reporta una derrama econ\u00f3mica de un mill\u00f3n 270 mil pesos, con la venta de alrededor de 490 piezas.<\/p>\n<p>La presidenta de la Uni\u00f3n Estatal de Artesanos de Michoac\u00e1n, Emilia Reyes Oseguera, invit\u00f3 a los turistas locales, nacionales y extranjeros, a visitar el tianguis artesanal con motivo de la Noche de Muertos, que termina el pr\u00f3ximo domingo 6 de noviembre.<\/p>\n<p>Resalt\u00f3 que todas las piezas que sus compa\u00f1eros ofertan en la plaza Don Vasco son de gran calidad y cada una elaborada con las t\u00e9cnicas originales de las diferentes localidades.<\/p>\n<p>Agreg\u00f3 que las y los artesanos ofrecen a todos los visitantes a este tianguis artesanal piezas en las ramas de alfarer\u00eda, textil, madera, fibras vegetales, laca perfilada, maque, pasta de ca\u00f1a, joyer\u00eda, muebles, cobre, guitarras, entre otros productos, en horario de 10:00 a 21:00 horas.<\/p>\n","protected":false},"excerpt":{"rendered":"<p>En esta temporada de Noche de Muertos, 350 artesanas y artesanos provenientes de 37 comunidades de 21 municipios del estado exhiben y ponen a la venta sus creaciones en la plaza Don Vasco, en este municipio, con lo que se prev\u00e9 una derrama econ\u00f3mica de 3 millones de pesos en beneficio de las y los art\u00edfices y sus familias.<\/p>\n","protected":false},"author":1,"featured_media":27227,"comment_status":"open","ping_status":"open","sticky":false,"template":"","format":"standard","meta":{"footnotes":""},"categories":[14,3],"tags":[],"class_list":["post-27226","post","type-post","status-publish","format-standard","has-post-thumbnail","hentry","category-destacadas","category-gobierno-del-estado-de-michoacan"],"_links":{"self":[{"href":"https:\/\/radiowebmx.com\/nota\/wp-json\/wp\/v2\/posts\/27226","targetHints":{"allow":["GET"]}}],"collection":[{"href":"https:\/\/radiowebmx.com\/nota\/wp-json\/wp\/v2\/posts"}],"about":[{"href":"https:\/\/radiowebmx.com\/nota\/wp-json\/wp\/v2\/types\/post"}],"author":[{"embeddable":true,"href":"https:\/\/radiowebmx.com\/nota\/wp-json\/wp\/v2\/users\/1"}],"replies":[{"embeddable":true,"href":"https:\/\/radiowebmx.com\/nota\/wp-json\/wp\/v2\/comments?post=27226"}],"version-history":[{"count":1,"href":"https:\/\/radiowebmx.com\/nota\/wp-json\/wp\/v2\/posts\/27226\/revisions"}],"predecessor-version":[{"id":27228,"href":"https:\/\/radiowebmx.com\/nota\/wp-json\/wp\/v2\/posts\/27226\/revisions\/27228"}],"wp:featuredmedia":[{"embeddable":true,"href":"https:\/\/radiowebmx.com\/nota\/wp-json\/wp\/v2\/media\/27227"}],"wp:attachment":[{"href":"https:\/\/radiowebmx.com\/nota\/wp-json\/wp\/v2\/media?parent=27226"}],"wp:term":[{"taxonomy":"category","embeddable":true,"href":"https:\/\/radiowebmx.com\/nota\/wp-json\/wp\/v2\/categories?post=27226"},{"taxonomy":"post_tag","embeddable":true,"href":"https:\/\/radiowebmx.com\/nota\/wp-json\/wp\/v2\/tags?post=27226"}],"curies":[{"name":"wp","href":"https:\/\/api.w.org\/{rel}","templated":true}]}}