{"id":27223,"date":"2016-11-03T11:35:30","date_gmt":"2016-11-03T17:35:30","guid":{"rendered":"https:\/\/radiowebmx.com\/nota\/?p=27223"},"modified":"2016-11-03T11:35:30","modified_gmt":"2016-11-03T17:35:30","slug":"celebra-ayuntamiento-de-morelia-gran-participacion-ciudadana-en-dia-de-muertos","status":"publish","type":"post","link":"https:\/\/radiowebmx.com\/nota\/celebra-ayuntamiento-de-morelia-gran-participacion-ciudadana-en-dia-de-muertos\/","title":{"rendered":"Celebra Ayuntamiento de Morelia gran participaci\u00f3n ciudadana en D\u00eda de Muertos"},"content":{"rendered":"<p>Como nunca antes, Morelia vivi\u00f3 un D\u00eda de Muertos \u00fanico y espectacular, donde gracias a la colaboraci\u00f3n activa y entusiasta de cientos de estudiantes y ciudadanos organizados, las familias capitalinas y turistas pudieron disfrutar de esta tradici\u00f3n milenaria en un Centro Hist\u00f3rico vestido de \u201cdorado cempas\u00fachil\u201d y acompa\u00f1ados de cientos de Catrinas que desfilaron por el primer cuadro de la ciudad.<\/p>\n<p>Lo anterior lo afirm\u00f3 el Gerente del Patrimonio Cultural del municipio, Gaspar Hern\u00e1ndez Razo, quien reconoci\u00f3 y agradeci\u00f3 la participaci\u00f3n de la ciudadan\u00eda en estas actividades, ya que, dijo, \u201csin su gran aportaci\u00f3n y creatividad no hubiera sido posible reactivar las plazas p\u00fablicas con tal magnitud\u201d.<\/p>\n<p>Subray\u00f3 que en total fueron 13 las plazas, jardines y sitios emblem\u00e1ticos en la capital del estado que por vez primera se enaltecieron con esta tradici\u00f3n, en virtud de la iniciativa de siete instituciones de educaci\u00f3n media superior y superior, as\u00ed como de ciudadanos organizados que formaron parte de la elaboraci\u00f3n de altares, tapetes y la decoraci\u00f3n de fuentes.<\/p>\n<p>\u201cEstamos muy agradecidos y sorprendidos de la incre\u00edble respuesta ciudadana, pues entre el Desfile de Catrinas y el Concurso participaron m\u00e1s de 4 mil personas, tanto de Morelia como de otros municipios, y esa era precisamente nuestra intenci\u00f3n, que los morelianos se involucraran en mantener viva la celebraci\u00f3n del D\u00eda de Muertos\u201d, a\u00f1adi\u00f3 el funcionario municipal.<\/p>\n<p>En este tenor, resalt\u00f3 la colaboraci\u00f3n de la Universidad Internacional Jefferson, la Preparatoria Prefeco Melchor Ocampo, la Facultad de Psicolog\u00eda de la Universidad Michoacana de San Nicol\u00e1s de Hidalgo (UMSNH), el Instituto Tecnol\u00f3gico de Morelia (ITM), el CEBA zona 04 y zona 11, la Universidad Montrer, el Instituto Milenium, los vecinos del Callej\u00f3n del Romance, comerciantes independientes, el medio de comunicaci\u00f3n IM Noticias, del comunicador Ignacio Mart\u00ednez, el Colectivo Michoac\u00e1n de Diversidad, as\u00ed como del ciudadano Dante Torres, en la reactivaci\u00f3n de las plazas p\u00fablicas de la ciudad.<\/p>\n<p>Puntualiz\u00f3 que los espacios emblem\u00e1ticos vestidos de la flor de cempas\u00fachil y de los tradicionales tapetes fueron: la Plaza de la Cruz, Plaza Azteca, el Jard\u00edn de Villalong\u00edn, el Callej\u00f3n del Romance, la Fuente de las Mulas, la Fuente de las Tarascas, el Jard\u00edn H\u00e9roes de 1847, la Plaza Valladolid, el Jard\u00edn de las Rosas, la Plazuela del Carmen, el Jard\u00edn Manuel Altamirano, as\u00ed como las Plazas Ni\u00f1os H\u00e9roes, Benito Ju\u00e1rez y Plaza de Armas.<\/p>\n<p>Asimismo, Gaspar Hern\u00e1ndez destac\u00f3 la importante vinculaci\u00f3n interinstitucional que abon\u00f3 para que este festejo se llevar\u00e1 a cabo en sana convivencia, toda vez que estuvieron en plena comunicaci\u00f3n tanto la Gerencia, como las Secretar\u00edas de Turismo y Servicios P\u00fablicos.<\/p>\n<p>\u201cMorelia vivi\u00f3 una celebraci\u00f3n inigualable, puesto que el prop\u00f3sito adem\u00e1s era que este festejo saliera de las escuelas a las calles de la ciudad, para que este fest\u00edn fuera compartido y disfrutado por cientos de morelianos y turistas, como se pudo observar este martes\u201d.<\/p>\n<p>Para finalizar, el Gerente del Patrimonio Cultural adelant\u00f3 que gracias a la gran participaci\u00f3n de la ciudadan\u00eda, para el pr\u00f3ximo a\u00f1o se busca inscribir el Desfile de Catrinas en el record Guinness.<\/p>\n","protected":false},"excerpt":{"rendered":"<p>Como nunca antes, Morelia vivi\u00f3 un D\u00eda de Muertos \u00fanico y espectacular, donde gracias a la colaboraci\u00f3n activa y entusiasta de cientos de estudiantes y ciudadanos organizados, las familias capitalinas y turistas pudieron disfrutar de esta tradici\u00f3n milenaria en un Centro Hist\u00f3rico vestido de \u201cdorado cempas\u00fachil\u201d y acompa\u00f1ados de cientos de Catrinas que desfilaron por el primer cuadro de la ciudad.<\/p>\n","protected":false},"author":1,"featured_media":27224,"comment_status":"open","ping_status":"open","sticky":false,"template":"","format":"standard","meta":{"footnotes":""},"categories":[14,9],"tags":[],"class_list":["post-27223","post","type-post","status-publish","format-standard","has-post-thumbnail","hentry","category-destacadas","category-morelia"],"_links":{"self":[{"href":"https:\/\/radiowebmx.com\/nota\/wp-json\/wp\/v2\/posts\/27223","targetHints":{"allow":["GET"]}}],"collection":[{"href":"https:\/\/radiowebmx.com\/nota\/wp-json\/wp\/v2\/posts"}],"about":[{"href":"https:\/\/radiowebmx.com\/nota\/wp-json\/wp\/v2\/types\/post"}],"author":[{"embeddable":true,"href":"https:\/\/radiowebmx.com\/nota\/wp-json\/wp\/v2\/users\/1"}],"replies":[{"embeddable":true,"href":"https:\/\/radiowebmx.com\/nota\/wp-json\/wp\/v2\/comments?post=27223"}],"version-history":[{"count":1,"href":"https:\/\/radiowebmx.com\/nota\/wp-json\/wp\/v2\/posts\/27223\/revisions"}],"predecessor-version":[{"id":27225,"href":"https:\/\/radiowebmx.com\/nota\/wp-json\/wp\/v2\/posts\/27223\/revisions\/27225"}],"wp:featuredmedia":[{"embeddable":true,"href":"https:\/\/radiowebmx.com\/nota\/wp-json\/wp\/v2\/media\/27224"}],"wp:attachment":[{"href":"https:\/\/radiowebmx.com\/nota\/wp-json\/wp\/v2\/media?parent=27223"}],"wp:term":[{"taxonomy":"category","embeddable":true,"href":"https:\/\/radiowebmx.com\/nota\/wp-json\/wp\/v2\/categories?post=27223"},{"taxonomy":"post_tag","embeddable":true,"href":"https:\/\/radiowebmx.com\/nota\/wp-json\/wp\/v2\/tags?post=27223"}],"curies":[{"name":"wp","href":"https:\/\/api.w.org\/{rel}","templated":true}]}}