{"id":27220,"date":"2016-11-03T11:23:26","date_gmt":"2016-11-03T17:23:26","guid":{"rendered":"https:\/\/radiowebmx.com\/nota\/?p=27220"},"modified":"2016-11-03T11:23:26","modified_gmt":"2016-11-03T17:23:26","slug":"capacita-el-imced-a-docentes-del-cecytem","status":"publish","type":"post","link":"https:\/\/radiowebmx.com\/nota\/capacita-el-imced-a-docentes-del-cecytem\/","title":{"rendered":"Capacita el IMCED a docentes del CECyTEM"},"content":{"rendered":"<p><strong>Morelia, Michoac\u00e1n, a 2 de noviembre de 2016.-\u00a0<\/strong>Con el prop\u00f3sito de adentrar\u00a0al profesorado en las nuevas tecnolog\u00edas, el Instituto Michoacano de Ciencias de la Educaci\u00f3n (IMCED) ofreci\u00f3 a docentes del Colegio de Estudios Cient\u00edficos y Tecnol\u00f3gicos del Estado de Michoac\u00e1n (CECyTEM) el curso-taller \u201cAmbientes de Aprendizajes Virtuales\u201d.<\/p>\n<p>Durante 30 horas, en nueve sedes del CECyTEM, 349 docentes distribuidos en 10 grupos provenientes de los planteles de L\u00e1zaro C\u00e1rdenas, Apatzing\u00e1n, Huetamo, P\u00e1tzcuaro, Morelia, Ciudad Hidalgo, Tac\u00e1mbaro, Puru\u00e1ndiro y Tanganc\u00edcuaro, identificaron la relaci\u00f3n entre la educaci\u00f3n y los nuevos mundos virtuales para fomentar la creaci\u00f3n de comunidades virtuales de educadores.<\/p>\n<p>Los asesores del IMCED dotaron a los asistentes de una metodolog\u00eda significativa que les permitir\u00e1 desarrollar las competencias necesarias para aplicar los contenidos analizados as\u00ed como sus determinadas clases, seg\u00fan lo demandado por las nuevas tecnolog\u00edas.<\/p>\n<p>El director general del IMCED, Javier Irepan Hacha, consideraron los contenidos como una respuesta\u00a0 a las demandas de actualizaci\u00f3n docente en la sociedad del conocimiento, en la que las tecnolog\u00edas de la informaci\u00f3n y comunicaci\u00f3n son imprescindibles en la vida\u00a0 cotidiana y profesional de quienes colaboran en el proceso de ense\u00f1anza-aprendizaje.<\/p>\n<p>Destac\u00f3 que esto se ha convertido en una necesidad del quehacer docente para\u00a0\u00a0interactuar de forma \u00f3ptima con el uso de estas herramientas para generar ambientes virtuales de aprendizaje que complementen dicho proceso.<\/p>\n<p>Los temas abordados, detall\u00f3 Irepan Hacha, fueron las nuevas tecnolog\u00edas en la educaci\u00f3n, las herramientas que integran a los ambientes virtuales de aprendizaje y la producci\u00f3n de los medios, herramientas y recursos virtuales para el estudio docente.<\/p>\n","protected":false},"excerpt":{"rendered":"<p>Con el prop\u00f3sito de adentrar al profesorado en las nuevas tecnolog\u00edas, el Instituto Michoacano de Ciencias de la Educaci\u00f3n (IMCED) ofreci\u00f3 a docentes del Colegio de Estudios Cient\u00edficos y Tecnol\u00f3gicos del Estado de Michoac\u00e1n (CECyTEM) el curso-taller \u201cAmbientes de Aprendizajes Virtuales\u201d.<\/p>\n","protected":false},"author":1,"featured_media":27221,"comment_status":"open","ping_status":"open","sticky":false,"template":"","format":"standard","meta":{"footnotes":""},"categories":[14,3],"tags":[],"class_list":["post-27220","post","type-post","status-publish","format-standard","has-post-thumbnail","hentry","category-destacadas","category-gobierno-del-estado-de-michoacan"],"_links":{"self":[{"href":"https:\/\/radiowebmx.com\/nota\/wp-json\/wp\/v2\/posts\/27220","targetHints":{"allow":["GET"]}}],"collection":[{"href":"https:\/\/radiowebmx.com\/nota\/wp-json\/wp\/v2\/posts"}],"about":[{"href":"https:\/\/radiowebmx.com\/nota\/wp-json\/wp\/v2\/types\/post"}],"author":[{"embeddable":true,"href":"https:\/\/radiowebmx.com\/nota\/wp-json\/wp\/v2\/users\/1"}],"replies":[{"embeddable":true,"href":"https:\/\/radiowebmx.com\/nota\/wp-json\/wp\/v2\/comments?post=27220"}],"version-history":[{"count":1,"href":"https:\/\/radiowebmx.com\/nota\/wp-json\/wp\/v2\/posts\/27220\/revisions"}],"predecessor-version":[{"id":27222,"href":"https:\/\/radiowebmx.com\/nota\/wp-json\/wp\/v2\/posts\/27220\/revisions\/27222"}],"wp:featuredmedia":[{"embeddable":true,"href":"https:\/\/radiowebmx.com\/nota\/wp-json\/wp\/v2\/media\/27221"}],"wp:attachment":[{"href":"https:\/\/radiowebmx.com\/nota\/wp-json\/wp\/v2\/media?parent=27220"}],"wp:term":[{"taxonomy":"category","embeddable":true,"href":"https:\/\/radiowebmx.com\/nota\/wp-json\/wp\/v2\/categories?post=27220"},{"taxonomy":"post_tag","embeddable":true,"href":"https:\/\/radiowebmx.com\/nota\/wp-json\/wp\/v2\/tags?post=27220"}],"curies":[{"name":"wp","href":"https:\/\/api.w.org\/{rel}","templated":true}]}}