{"id":27217,"date":"2016-11-03T11:17:30","date_gmt":"2016-11-03T17:17:30","guid":{"rendered":"https:\/\/radiowebmx.com\/nota\/?p=27217"},"modified":"2016-11-03T11:17:30","modified_gmt":"2016-11-03T17:17:30","slug":"turistas-nacionales-y-extranjeros-ratifican-su-confianza-en-michoacan","status":"publish","type":"post","link":"https:\/\/radiowebmx.com\/nota\/turistas-nacionales-y-extranjeros-ratifican-su-confianza-en-michoacan\/","title":{"rendered":"Turistas nacionales y extranjeros ratifican su confianza en Michoac\u00e1n"},"content":{"rendered":"<p><strong>Morelia, Michoac\u00e1n, 2 de noviembre de 2016.-<\/strong> La titular de la Secretar\u00eda de Turismo (Sectur) estatal, Claudia Ch\u00e1vez L\u00f3pez, destac\u00f3 que durante la celebraci\u00f3n de Noche de Muertos en Michoac\u00e1n se registra una ocupaci\u00f3n hotelera del 100% en P\u00e1tzcuaro, mientras que los reportes correspondientes a la capital michoacana son satisfactorios, adem\u00e1s de que la afluencia de turismo nacional y extranjero es excelente.<br \/>\nLa funcionaria estatal detall\u00f3 que durante esta temporada de Noche de Muertos han arribado a Michoac\u00e1n turistas de pa\u00edses como Italia, Francia, Estados Unidos, Alemania, Jap\u00f3n, Espa\u00f1a, Colombia y Uruguay.<br \/>\nEn cuanto a la afluencia tur\u00edstica nacional, refiri\u00f3 que se tiene registro de visitantes provenientes de los estados de Quer\u00e9taro, Jalisco, Morelos, Hidalgo, Guerrero, Sonora y de la Ciudad de M\u00e9xico, entre otros.<br \/>\nAl respecto, Ch\u00e1vez L\u00f3pez subray\u00f3 que de esta manera se confirma que Michoac\u00e1n es un destino de confianza para las y los visitantes nacionales y extranjeros.<br \/>\nLas y los visitantes, indic\u00f3, han tenido oportunidad de vivir las diferentes manifestaciones de esta tradici\u00f3n, como son las velaciones en casas que corresponden a personas que fallecieron en el transcurso del \u00faltimo a\u00f1o, en comunidades como como Cuanajo y Santa Fe de la Laguna; as\u00ed como las velaciones en los cementerios en Tzintzuntzan, Tzurum\u00fataro, Ihuatzio,\u00a0 Cucuchucho y Ar\u00f3cutin, donde el cementerio est\u00e1 en el atrio del templo.<br \/>\nLa titular de la Sectur estatal puntualiz\u00f3 que la semana pr\u00f3xima se dar\u00e1n a conocer las cifras precisas sobre afluencia tur\u00edstica y derrama econ\u00f3mica registrada durante la temporada de Noche de Muertos.<\/p>\n","protected":false},"excerpt":{"rendered":"<p>La titular de la Secretar\u00eda de Turismo estatal, Claudia Ch\u00e1vez L\u00f3pez, destac\u00f3 que durante la celebraci\u00f3n de Noche de Muertos en Michoac\u00e1n se registra una ocupaci\u00f3n hotelera del 100% en P\u00e1tzcuaro, mientras que los reportes correspondientes a la capital michoacana son satisfactorios, adem\u00e1s de que la afluencia de turismo nacional y extranjero es excelente.<\/p>\n","protected":false},"author":1,"featured_media":27218,"comment_status":"open","ping_status":"open","sticky":false,"template":"","format":"standard","meta":{"footnotes":""},"categories":[14,3],"tags":[],"class_list":["post-27217","post","type-post","status-publish","format-standard","has-post-thumbnail","hentry","category-destacadas","category-gobierno-del-estado-de-michoacan"],"_links":{"self":[{"href":"https:\/\/radiowebmx.com\/nota\/wp-json\/wp\/v2\/posts\/27217","targetHints":{"allow":["GET"]}}],"collection":[{"href":"https:\/\/radiowebmx.com\/nota\/wp-json\/wp\/v2\/posts"}],"about":[{"href":"https:\/\/radiowebmx.com\/nota\/wp-json\/wp\/v2\/types\/post"}],"author":[{"embeddable":true,"href":"https:\/\/radiowebmx.com\/nota\/wp-json\/wp\/v2\/users\/1"}],"replies":[{"embeddable":true,"href":"https:\/\/radiowebmx.com\/nota\/wp-json\/wp\/v2\/comments?post=27217"}],"version-history":[{"count":1,"href":"https:\/\/radiowebmx.com\/nota\/wp-json\/wp\/v2\/posts\/27217\/revisions"}],"predecessor-version":[{"id":27219,"href":"https:\/\/radiowebmx.com\/nota\/wp-json\/wp\/v2\/posts\/27217\/revisions\/27219"}],"wp:featuredmedia":[{"embeddable":true,"href":"https:\/\/radiowebmx.com\/nota\/wp-json\/wp\/v2\/media\/27218"}],"wp:attachment":[{"href":"https:\/\/radiowebmx.com\/nota\/wp-json\/wp\/v2\/media?parent=27217"}],"wp:term":[{"taxonomy":"category","embeddable":true,"href":"https:\/\/radiowebmx.com\/nota\/wp-json\/wp\/v2\/categories?post=27217"},{"taxonomy":"post_tag","embeddable":true,"href":"https:\/\/radiowebmx.com\/nota\/wp-json\/wp\/v2\/tags?post=27217"}],"curies":[{"name":"wp","href":"https:\/\/api.w.org\/{rel}","templated":true}]}}