{"id":27211,"date":"2016-11-03T11:08:42","date_gmt":"2016-11-03T17:08:42","guid":{"rendered":"https:\/\/radiowebmx.com\/nota\/?p=27211"},"modified":"2016-11-03T11:08:42","modified_gmt":"2016-11-03T17:08:42","slug":"espectacular-desfile-de-catrinas-en-el-centro-de-morelia","status":"publish","type":"post","link":"https:\/\/radiowebmx.com\/nota\/espectacular-desfile-de-catrinas-en-el-centro-de-morelia\/","title":{"rendered":"Espectacular desfile de catrinas en el Centro de Morelia"},"content":{"rendered":"<p>En la b\u00fasqueda de promover la cultura viva mexicana, sus usos y costumbres, el Ayuntamiento que encabeza el Alcalde, Alfonso Mart\u00ednez Alc\u00e1zar, a trav\u00e9s de la Gerencia del Patrimonio Cultural de Morelia, las Secretar\u00edas de Servicios P\u00fablicos y Turismo Municipal organizaron \u201cel Primer \u00a0Desfile de Catrinas\u201d, que parti\u00f3 de Plaza Morelos sobre Acueducto y continu\u00f3 por la Avenida Madero en direcci\u00f3n a Catedral, mientras la Tuna Independiente de Morelia amenizaba el trayecto con m\u00fasica.<\/p>\n<p>El Gerente del Patrimonio Cultural de Morelia, Gaspar Hern\u00e1ndez Razo, celebr\u00f3 la activa participaci\u00f3n de casi dos mil personas que desfilaron por una Calle Real \u201cataviada de dorado\u201d, color que se brind\u00f3 por los adornos de flor de cempas\u00fachil \u00a0que realizaron habitantes de Santa Fe de la Laguna en los arcos del Acueducto, balcones, plazas y fuentes, estas dos \u00a0\u00faltimas, engalanadas por la ciudadan\u00eda principalmente escuelas y medios de comunicaci\u00f3n.<\/p>\n<p>\u201cQueremos rescatar tradiciones y como lo ha instruido el Presidente Municipal, Alfonso Mart\u00ednez Alc\u00e1zar, debemos dar espacios de convivencia a los morelianos que los acerquen a nuestra cultura mexicana\u201d, afirm\u00f3 el encargado de preservar el Centro Hist\u00f3rico de Morelia.<\/p>\n<p>Hern\u00e1ndez Razo record\u00f3 que la imagen de la Catrina originaria del caricaturista Jos\u00e9 Guadalupe Posada se ha convertido en la representaci\u00f3n por excelencia de la muerte para los mexicanos y morelianos, que con entusiasmo participan en estas actividades organizadas por el Gobierno Municipal y que ya es com\u00fan tenerlas en las celebraciones del D\u00eda de Muertos.<\/p>\n<p>J\u00f3venes, adultos y ni\u00f1os lucieron diversas vestimentas ante el asombro de la gente en la Avenida Madero que se dio cita en el Primer Cuadro de la ciudad para observar este espect\u00e1culo \u00fanico que es acompa\u00f1ado por la belleza y arquitectura colonial de Morelia.<\/p>\n<p>Este alegre desfile que representa la imagen de la Catrina creada ya hace 106 a\u00f1os y que se conjunta con una conmemoraci\u00f3n milenaria como es el D\u00eda de Muertos, se llen\u00f3 de colores, m\u00fasica y gastronom\u00eda moreliana para el deleite de visitantes y habitantes de la capital del estado.<\/p>\n<p>Este Desfile de Catrinas termin\u00f3 en Catedral para posteriormente trasladarse a\u00a0la Cerrada de San Agust\u00edn para la premiaci\u00f3n correspondiente con las tres categor\u00edas restantes como fueron: fuentes, plazas y altares con lo cual el Ayuntamiento de Morelia refrenda su compromiso de promover la cultura y tradiciones, adem\u00e1s de promover actividades de convivencia familiar y que sean atractivas para la ciudadan\u00eda.<\/p>\n","protected":false},"excerpt":{"rendered":"<p>\u201cQueremos rescatar tradiciones y como lo ha instruido el Presidente Municipal, Alfonso Mart\u00ednez Alc\u00e1zar, debemos dar espacios de convivencia a los morelianos que los acerquen a nuestra cultura mexicana\u201d, afirm\u00f3 el encargado de preservar el Centro Hist\u00f3rico de Morelia.<\/p>\n","protected":false},"author":1,"featured_media":27212,"comment_status":"open","ping_status":"open","sticky":false,"template":"","format":"standard","meta":{"footnotes":""},"categories":[14,9],"tags":[],"class_list":["post-27211","post","type-post","status-publish","format-standard","has-post-thumbnail","hentry","category-destacadas","category-morelia"],"_links":{"self":[{"href":"https:\/\/radiowebmx.com\/nota\/wp-json\/wp\/v2\/posts\/27211","targetHints":{"allow":["GET"]}}],"collection":[{"href":"https:\/\/radiowebmx.com\/nota\/wp-json\/wp\/v2\/posts"}],"about":[{"href":"https:\/\/radiowebmx.com\/nota\/wp-json\/wp\/v2\/types\/post"}],"author":[{"embeddable":true,"href":"https:\/\/radiowebmx.com\/nota\/wp-json\/wp\/v2\/users\/1"}],"replies":[{"embeddable":true,"href":"https:\/\/radiowebmx.com\/nota\/wp-json\/wp\/v2\/comments?post=27211"}],"version-history":[{"count":1,"href":"https:\/\/radiowebmx.com\/nota\/wp-json\/wp\/v2\/posts\/27211\/revisions"}],"predecessor-version":[{"id":27213,"href":"https:\/\/radiowebmx.com\/nota\/wp-json\/wp\/v2\/posts\/27211\/revisions\/27213"}],"wp:featuredmedia":[{"embeddable":true,"href":"https:\/\/radiowebmx.com\/nota\/wp-json\/wp\/v2\/media\/27212"}],"wp:attachment":[{"href":"https:\/\/radiowebmx.com\/nota\/wp-json\/wp\/v2\/media?parent=27211"}],"wp:term":[{"taxonomy":"category","embeddable":true,"href":"https:\/\/radiowebmx.com\/nota\/wp-json\/wp\/v2\/categories?post=27211"},{"taxonomy":"post_tag","embeddable":true,"href":"https:\/\/radiowebmx.com\/nota\/wp-json\/wp\/v2\/tags?post=27211"}],"curies":[{"name":"wp","href":"https:\/\/api.w.org\/{rel}","templated":true}]}}