{"id":27208,"date":"2016-11-03T11:03:07","date_gmt":"2016-11-03T17:03:07","guid":{"rendered":"https:\/\/radiowebmx.com\/nota\/?p=27208"},"modified":"2016-11-03T11:03:07","modified_gmt":"2016-11-03T17:03:07","slug":"gobierno-municipal-ejecuta-obras-incluyentes-en-vialidades-de-morelia","status":"publish","type":"post","link":"https:\/\/radiowebmx.com\/nota\/gobierno-municipal-ejecuta-obras-incluyentes-en-vialidades-de-morelia\/","title":{"rendered":"Gobierno Municipal ejecuta obras incluyentes en vialidades de Morelia"},"content":{"rendered":"<p>El Ayuntamiento de Morelia que encabeza el Presidente Municipal, Alfonso Mart\u00ednez Alc\u00e1zar, contin\u00faa trabajando en el tema de reencarpetamiento de vialidades, asimismo, garantiza que las obras desarrolladas se ajusten a las pol\u00edticas de inclusi\u00f3n ya que de manera integral con estos trabajos, se han construido rampas para personas con discapacidad en banquetas.<\/p>\n<p>Alfonso Mart\u00ednez, subray\u00f3 que para la presente Administraci\u00f3n, es prioritario promover medidas que faciliten el libre tr\u00e1nsito de las personas, m\u00e1s a\u00fan para los morelianos que tienen alguna discapacidad y que requieren de infraestructura especial para trasladarse con mayor seguridad.<\/p>\n<p>En este tenor, el Secretario de Desarrollo Metropolitano e Infraestructura, Juan Fernando Sosa Tapia, inform\u00f3 que actualmente las brigadas se encuentran trabajando en la vialidad de Artilleros de 1847, en la colonia Chapultepec Sur, en el tramo que comprende las calles de Juan de la Barrera hasta Batalla de Cerro Gordo.<\/p>\n<p>Explic\u00f3 que se est\u00e1 llevando a cabo la primera etapa que es la del fresado, por lo que en d\u00edas posteriores comenzar\u00e1n a colocar la carpeta asf\u00e1ltica nueva, en este sentido, refiri\u00f3 que estos trabajos se han realizado en coordinaci\u00f3n con los jefes de sector para socializar y sensibilizar a los vecinos de tal manera que se pueda trabajar procurando afectar lo menos posible a los ciudadanos.<\/p>\n<p>Posteriormente, el funcionario municipal detall\u00f3 que se continuar\u00e1 en esta importante vialidad del Sur de Morelia pero ahora abarcando las calles de Mariano Arista hasta la Av. Lic. Enrique Ram\u00edrez.<\/p>\n<p>De igual forma, refiri\u00f3 que tambi\u00e9n las brigadas atender\u00e1n la calle General Pedro Ma. Anaya, ubicada en la misma colonia, abarcando los tramos de Boulevard Garc\u00eda de Le\u00f3n a L\u00e1zaro C\u00e1rdenas.<\/p>\n<p>Cabe mencionar que para estas obras el Ayuntamiento invirti\u00f3 7 millones 300 mil pesos, recursos que se suma a los 10 millones de pesos que se destinaron de manera hist\u00f3rica al programa de Mejoramiento Vial.<\/p>\n<p>Especific\u00f3 que una vez que se concluyan los trabajos en la calle de Artilleros de 1847 continuar\u00e1n con el tramo de Morelos Sur desde Avenida Solidaridad hasta Camelinas, para posteriormente dirigir a las brigadas a la Avenida Michoac\u00e1n desde H\u00e9roes de Nocup\u00e9taro a la Avenida Pedregal, para estas dos \u00faltimas acciones, Sosa Tapia, dijo, que se aplicar\u00e1 un recursos de 6 millones de pesos.<\/p>\n<p>Destac\u00f3 que tal y como lo ha instruido el Alcalde, a lo largo de las vialidades en donde se realiza el reencarpetamiento, se construyen rampas sobre las banquetas, las cuales cuentan con las caracter\u00edsticas necesarias para el traslado seguro de las personas con discapacidad.<\/p>\n<p>Con estas acciones el Gobierno que encabeza el Alcalde, Alfonso Mart\u00ednez, cumple con el objetivo de atender de forma integral una de las necesidades m\u00e1s sentidas de los morelianos, por lo que continuar\u00e1n con los trabajos tanto en esta materia como en la de bacheo.<\/p>\n","protected":false},"excerpt":{"rendered":"<p>El Ayuntamiento de Morelia que encabeza el Presidente Municipal, Alfonso Mart\u00ednez Alc\u00e1zar, contin\u00faa trabajando en el tema de reencarpetamiento de vialidades, asimismo, garantiza que las obras desarrolladas se ajusten a las pol\u00edticas de inclusi\u00f3n ya que de manera integral con estos trabajos, se han construido rampas para personas con discapacidad en banquetas.<\/p>\n","protected":false},"author":1,"featured_media":27209,"comment_status":"open","ping_status":"open","sticky":false,"template":"","format":"standard","meta":{"footnotes":""},"categories":[14,9],"tags":[],"class_list":["post-27208","post","type-post","status-publish","format-standard","has-post-thumbnail","hentry","category-destacadas","category-morelia"],"_links":{"self":[{"href":"https:\/\/radiowebmx.com\/nota\/wp-json\/wp\/v2\/posts\/27208","targetHints":{"allow":["GET"]}}],"collection":[{"href":"https:\/\/radiowebmx.com\/nota\/wp-json\/wp\/v2\/posts"}],"about":[{"href":"https:\/\/radiowebmx.com\/nota\/wp-json\/wp\/v2\/types\/post"}],"author":[{"embeddable":true,"href":"https:\/\/radiowebmx.com\/nota\/wp-json\/wp\/v2\/users\/1"}],"replies":[{"embeddable":true,"href":"https:\/\/radiowebmx.com\/nota\/wp-json\/wp\/v2\/comments?post=27208"}],"version-history":[{"count":1,"href":"https:\/\/radiowebmx.com\/nota\/wp-json\/wp\/v2\/posts\/27208\/revisions"}],"predecessor-version":[{"id":27210,"href":"https:\/\/radiowebmx.com\/nota\/wp-json\/wp\/v2\/posts\/27208\/revisions\/27210"}],"wp:featuredmedia":[{"embeddable":true,"href":"https:\/\/radiowebmx.com\/nota\/wp-json\/wp\/v2\/media\/27209"}],"wp:attachment":[{"href":"https:\/\/radiowebmx.com\/nota\/wp-json\/wp\/v2\/media?parent=27208"}],"wp:term":[{"taxonomy":"category","embeddable":true,"href":"https:\/\/radiowebmx.com\/nota\/wp-json\/wp\/v2\/categories?post=27208"},{"taxonomy":"post_tag","embeddable":true,"href":"https:\/\/radiowebmx.com\/nota\/wp-json\/wp\/v2\/tags?post=27208"}],"curies":[{"name":"wp","href":"https:\/\/api.w.org\/{rel}","templated":true}]}}