{"id":27196,"date":"2016-11-01T14:46:36","date_gmt":"2016-11-01T20:46:36","guid":{"rendered":"https:\/\/radiowebmx.com\/nota\/?p=27196"},"modified":"2016-11-01T14:46:36","modified_gmt":"2016-11-01T20:46:36","slug":"festeja-el-conalep-morelia-ii-su-30-aniversario","status":"publish","type":"post","link":"https:\/\/radiowebmx.com\/nota\/festeja-el-conalep-morelia-ii-su-30-aniversario\/","title":{"rendered":"Festeja el Conalep Morelia II su 30 aniversario"},"content":{"rendered":"<p><strong>Morelia, Michoac\u00e1n, a 1 de noviembre de 2016.-\u00a0<\/strong>Con una poblaci\u00f3n de poco m\u00e1s de 15 mil alumnos en 27 generaciones, el plantel Morelia II del Colegio de Educaci\u00f3n Profesional T\u00e9cnica del Estado de Michoac\u00e1n, festej\u00f3 su 30 aniversario.<\/p>\n<p>En una ceremonia en la que los invitados especiales fueron los estudiantes de dicha unidad, la directora general del subsistema, Minerva Bautista G\u00f3mez, reconoci\u00f3 la labor que durante tres d\u00e9cadas han realizado directivos, docentes y administrativos para formar a j\u00f3venes que actualmente ocupan importantes espacios en empresas p\u00fablicas y privadas a nivel estatal y nacional.<\/p>\n<p>La funcionaria convoc\u00f3 a la familia Conalep a no bajar la guardia y asumir\u00a0los retos que la educaci\u00f3n en Michoac\u00e1n requiere: &#8220;los desaf\u00edos son\u00a0varios y deben ir m\u00e1s all\u00e1\u00a0de los objetivos planteados para lograr un aprendizaje significativo en los j\u00f3venes\u201d, indic\u00f3.<\/p>\n<p>En este tenor, expuso que durante la administraci\u00f3n que encabeza el Gobernador Silvano Aureoles Conejo, el Colegio ha contado con el apoyo para mejorar el equipo e infraestructura en el plantel Morelia II.<\/p>\n<p>Al acto conmemorativo asistieron autoridades estatales, municipales l\u00edderes sindicales del Conalep Michoac\u00e1n y representantes del sector empresarial.<\/p>\n<p>Cabe mencionar que como parte de los festejos de aniversario, se llevar\u00e1n a cabo una serie de actividades culturales y deportivas.<\/p>\n","protected":false},"excerpt":{"rendered":"<p>Con una poblaci\u00f3n de poco m\u00e1s de 15 mil alumnos en 27 generaciones, el plantel Morelia II del Colegio de Educaci\u00f3n Profesional T\u00e9cnica del Estado de Michoac\u00e1n, festej\u00f3 su 30 aniversario.<\/p>\n","protected":false},"author":1,"featured_media":27197,"comment_status":"open","ping_status":"open","sticky":false,"template":"","format":"standard","meta":{"footnotes":""},"categories":[14,3],"tags":[],"class_list":["post-27196","post","type-post","status-publish","format-standard","has-post-thumbnail","hentry","category-destacadas","category-gobierno-del-estado-de-michoacan"],"_links":{"self":[{"href":"https:\/\/radiowebmx.com\/nota\/wp-json\/wp\/v2\/posts\/27196","targetHints":{"allow":["GET"]}}],"collection":[{"href":"https:\/\/radiowebmx.com\/nota\/wp-json\/wp\/v2\/posts"}],"about":[{"href":"https:\/\/radiowebmx.com\/nota\/wp-json\/wp\/v2\/types\/post"}],"author":[{"embeddable":true,"href":"https:\/\/radiowebmx.com\/nota\/wp-json\/wp\/v2\/users\/1"}],"replies":[{"embeddable":true,"href":"https:\/\/radiowebmx.com\/nota\/wp-json\/wp\/v2\/comments?post=27196"}],"version-history":[{"count":1,"href":"https:\/\/radiowebmx.com\/nota\/wp-json\/wp\/v2\/posts\/27196\/revisions"}],"predecessor-version":[{"id":27198,"href":"https:\/\/radiowebmx.com\/nota\/wp-json\/wp\/v2\/posts\/27196\/revisions\/27198"}],"wp:featuredmedia":[{"embeddable":true,"href":"https:\/\/radiowebmx.com\/nota\/wp-json\/wp\/v2\/media\/27197"}],"wp:attachment":[{"href":"https:\/\/radiowebmx.com\/nota\/wp-json\/wp\/v2\/media?parent=27196"}],"wp:term":[{"taxonomy":"category","embeddable":true,"href":"https:\/\/radiowebmx.com\/nota\/wp-json\/wp\/v2\/categories?post=27196"},{"taxonomy":"post_tag","embeddable":true,"href":"https:\/\/radiowebmx.com\/nota\/wp-json\/wp\/v2\/tags?post=27196"}],"curies":[{"name":"wp","href":"https:\/\/api.w.org\/{rel}","templated":true}]}}