{"id":27191,"date":"2016-11-01T14:13:35","date_gmt":"2016-11-01T20:13:35","guid":{"rendered":"https:\/\/radiowebmx.com\/nota\/?p=27191"},"modified":"2016-11-01T14:13:35","modified_gmt":"2016-11-01T20:13:35","slug":"celebra-cuitzeo-466-anos-de-su-fundacion-y-de-ser-reconocido-como-parte-de-la-cultura-hispana","status":"publish","type":"post","link":"https:\/\/radiowebmx.com\/nota\/celebra-cuitzeo-466-anos-de-su-fundacion-y-de-ser-reconocido-como-parte-de-la-cultura-hispana\/","title":{"rendered":"Celebra Cuitzeo 466 a\u00f1os de su fundaci\u00f3n y de ser reconocido como parte de la Cultura Hispana"},"content":{"rendered":"<p><strong>Cuitzeo, Michoac\u00e1n, a 1 de noviembre de 2016.-<\/strong>\u00a0En un ambiente de fiesta y j\u00fabilo fue celebrado el 466 aniversario de la fundaci\u00f3n de este municipio y su incorporaci\u00f3n\u00a0a la Cultura Hispana.<\/p>\n<p>En este marco, con la representaci\u00f3n del Gobernador Silvano Aureoles Conejo, el vocal ejecutivo del Centro Estatal para el Desarrollo Municipal (Cedemun), Carlos Paredes Correa, destac\u00f3 que \u201cla fusi\u00f3n de culturas ha dado origen a la identidad de nuestro pueblo michoacano, cuyo presente est\u00e1 cimentado en el esp\u00edritu de sus antepasados\u201d.<\/p>\n<p>\u201cLos michoacanos somos herederos de esa m\u00edstica, de esa lucha, de esa fuerza que d\u00eda a d\u00eda nos da lo que necesitamos para salir adelante\u201d, extern\u00f3.<\/p>\n<p>El funcionario estatal resalt\u00f3 que Michoac\u00e1n ha logrado un crecimiento econ\u00f3mico superior al de otros estados de la Rep\u00fablica, por lo que poco a poco la entidad recupera \u201cel sitio hist\u00f3rico que le corresponde\u201d.<\/p>\n<p>El alcalde Juan Mascote Sesento, recalc\u00f3 la importancia que ha tenido para Cuitzeo ser reconocido como parte de la cultura hisp\u00e1nica, y record\u00f3 que con la colocaci\u00f3n y bendici\u00f3n de la primera piedra del Convento de Santa Mar\u00eda Magdalena, el 1 de noviembre de 1550, fue fundado este municipio.<\/p>\n<p>En esta misma fecha, pero de 2006 -se\u00f1al\u00f3-, la demarcaci\u00f3n obtuvo su nombramiento como Pueblo M\u00e1gico.<\/p>\n","protected":false},"excerpt":{"rendered":"<p>En este marco, con la representaci\u00f3n del Gobernador Silvano Aureoles Conejo, el vocal ejecutivo del Centro Estatal para el Desarrollo Municipal (Cedemun), Carlos Paredes Correa, destac\u00f3 que \u201cla fusi\u00f3n de culturas ha dado origen a la identidad de nuestro pueblo michoacano, cuyo presente est\u00e1 cimentado en el esp\u00edritu de sus antepasados\u201d.<\/p>\n","protected":false},"author":1,"featured_media":27192,"comment_status":"open","ping_status":"open","sticky":false,"template":"","format":"standard","meta":{"footnotes":""},"categories":[14,3],"tags":[],"class_list":["post-27191","post","type-post","status-publish","format-standard","has-post-thumbnail","hentry","category-destacadas","category-gobierno-del-estado-de-michoacan"],"_links":{"self":[{"href":"https:\/\/radiowebmx.com\/nota\/wp-json\/wp\/v2\/posts\/27191","targetHints":{"allow":["GET"]}}],"collection":[{"href":"https:\/\/radiowebmx.com\/nota\/wp-json\/wp\/v2\/posts"}],"about":[{"href":"https:\/\/radiowebmx.com\/nota\/wp-json\/wp\/v2\/types\/post"}],"author":[{"embeddable":true,"href":"https:\/\/radiowebmx.com\/nota\/wp-json\/wp\/v2\/users\/1"}],"replies":[{"embeddable":true,"href":"https:\/\/radiowebmx.com\/nota\/wp-json\/wp\/v2\/comments?post=27191"}],"version-history":[{"count":1,"href":"https:\/\/radiowebmx.com\/nota\/wp-json\/wp\/v2\/posts\/27191\/revisions"}],"predecessor-version":[{"id":27193,"href":"https:\/\/radiowebmx.com\/nota\/wp-json\/wp\/v2\/posts\/27191\/revisions\/27193"}],"wp:featuredmedia":[{"embeddable":true,"href":"https:\/\/radiowebmx.com\/nota\/wp-json\/wp\/v2\/media\/27192"}],"wp:attachment":[{"href":"https:\/\/radiowebmx.com\/nota\/wp-json\/wp\/v2\/media?parent=27191"}],"wp:term":[{"taxonomy":"category","embeddable":true,"href":"https:\/\/radiowebmx.com\/nota\/wp-json\/wp\/v2\/categories?post=27191"},{"taxonomy":"post_tag","embeddable":true,"href":"https:\/\/radiowebmx.com\/nota\/wp-json\/wp\/v2\/tags?post=27191"}],"curies":[{"name":"wp","href":"https:\/\/api.w.org\/{rel}","templated":true}]}}