{"id":27188,"date":"2016-11-01T14:08:22","date_gmt":"2016-11-01T20:08:22","guid":{"rendered":"https:\/\/radiowebmx.com\/nota\/?p=27188"},"modified":"2016-11-01T14:08:22","modified_gmt":"2016-11-01T20:08:22","slug":"mas-de-10-mil-personas-visitaron-primera-exposicion-de-altares-en-el-ceconexpo","status":"publish","type":"post","link":"https:\/\/radiowebmx.com\/nota\/mas-de-10-mil-personas-visitaron-primera-exposicion-de-altares-en-el-ceconexpo\/","title":{"rendered":"M\u00e1s de 10 mil personas visitaron Primera Exposici\u00f3n de Altares en el Ceconexpo"},"content":{"rendered":"<p><strong>Morelia, Michoac\u00e1n, a 1 de noviembre de 2016.-<\/strong> En el marco de las festividades de la Noche de Muertos, el Centro de Convenciones y Exposiciones de Morelia (Ceconexpo), realiz\u00f3 la Primera Exposici\u00f3n de Altares \u201cPersonajes ilustres Michoacanos\u201d en la Calzada de los Poetas Alfredo Maillefert, la cual fue visitada por m\u00e1s de 10 mil personas.<\/p>\n<p>Al concluir la exposici\u00f3n, el director general del Ceconexpo, Oscar Celis Silva, agradeci\u00f3 y reconoci\u00f3 el apoyo de las organizaciones, instituciones educativas y sociales participantes.<\/p>\n<p>Destac\u00f3 que el recinto es un lugar lleno de naturaleza y uno de los pulmones de Morelia, \u201cmuy querido para los morelianos\u201d, por lo que invito a cuidarlo y conservarlo.<\/p>\n<p>Para concluir el evento, se realiz\u00f3 la entrega de un reconocimiento a cada una de las organizaciones participantes, en especial a la Universidad Tecnol\u00f3gica de Morelia, que apoy\u00f3 con la proyecci\u00f3n de un video de 18 minutos sobre la vida de los poetas.<\/p>\n","protected":false},"excerpt":{"rendered":"<p>En el marco de las festividades de la Noche de Muertos, el Centro de Convenciones y Exposiciones de Morelia (Ceconexpo), realiz\u00f3 la Primera Exposici\u00f3n de Altares \u201cPersonajes ilustres Michoacanos\u201d en la Calzada de los Poetas Alfredo Maillefert, la cual fue visitada por m\u00e1s de 10 mil personas.<\/p>\n","protected":false},"author":1,"featured_media":27189,"comment_status":"open","ping_status":"open","sticky":false,"template":"","format":"standard","meta":{"footnotes":""},"categories":[14,3],"tags":[],"class_list":["post-27188","post","type-post","status-publish","format-standard","has-post-thumbnail","hentry","category-destacadas","category-gobierno-del-estado-de-michoacan"],"_links":{"self":[{"href":"https:\/\/radiowebmx.com\/nota\/wp-json\/wp\/v2\/posts\/27188","targetHints":{"allow":["GET"]}}],"collection":[{"href":"https:\/\/radiowebmx.com\/nota\/wp-json\/wp\/v2\/posts"}],"about":[{"href":"https:\/\/radiowebmx.com\/nota\/wp-json\/wp\/v2\/types\/post"}],"author":[{"embeddable":true,"href":"https:\/\/radiowebmx.com\/nota\/wp-json\/wp\/v2\/users\/1"}],"replies":[{"embeddable":true,"href":"https:\/\/radiowebmx.com\/nota\/wp-json\/wp\/v2\/comments?post=27188"}],"version-history":[{"count":1,"href":"https:\/\/radiowebmx.com\/nota\/wp-json\/wp\/v2\/posts\/27188\/revisions"}],"predecessor-version":[{"id":27190,"href":"https:\/\/radiowebmx.com\/nota\/wp-json\/wp\/v2\/posts\/27188\/revisions\/27190"}],"wp:featuredmedia":[{"embeddable":true,"href":"https:\/\/radiowebmx.com\/nota\/wp-json\/wp\/v2\/media\/27189"}],"wp:attachment":[{"href":"https:\/\/radiowebmx.com\/nota\/wp-json\/wp\/v2\/media?parent=27188"}],"wp:term":[{"taxonomy":"category","embeddable":true,"href":"https:\/\/radiowebmx.com\/nota\/wp-json\/wp\/v2\/categories?post=27188"},{"taxonomy":"post_tag","embeddable":true,"href":"https:\/\/radiowebmx.com\/nota\/wp-json\/wp\/v2\/tags?post=27188"}],"curies":[{"name":"wp","href":"https:\/\/api.w.org\/{rel}","templated":true}]}}