{"id":27185,"date":"2016-11-01T13:36:34","date_gmt":"2016-11-01T19:36:34","guid":{"rendered":"https:\/\/radiowebmx.com\/nota\/?p=27185"},"modified":"2016-11-01T13:36:34","modified_gmt":"2016-11-01T19:36:34","slug":"celebra-spi-arribo-de-miles-de-visitantes-a-michoacan-por-noche-de-muertos","status":"publish","type":"post","link":"https:\/\/radiowebmx.com\/nota\/celebra-spi-arribo-de-miles-de-visitantes-a-michoacan-por-noche-de-muertos\/","title":{"rendered":"Celebra SPI arribo de miles de visitantes a Michoac\u00e1n por Noche de Muertos"},"content":{"rendered":"<p><strong>P\u00e1tzcuaro, Michoac\u00e1n, a 1 de noviembre de 2016.-<\/strong>\u00a0La Secretar\u00eda de Pueblos Ind\u00edgenas (SPI) celebra el arribo de miles de visitantes a Michoac\u00e1n para compartir los rituales ancestrales del retorno de las \u00e1nimas de los difuntos, e insiste en su llamado a conducirse con respeto a quienes dan vida al ceremonial reconocido tambi\u00e9n como Patrimonio Cultural Intangible de la Humanidad.<\/p>\n<p>El titular de la SPI, Mart\u00edn Garc\u00eda Avil\u00e9s, record\u00f3 que la Noche de \u00c1nimas, popularmente conocida como Noche de Muertos, es una de las manifestaciones culturales m\u00e1s profundas de los pueblos ind\u00edgenas de M\u00e9xico, y que en el pueblo pur\u00e9pecha ha adquirido una singularidad especial, al grado de ser distinguida por la visita generosa de miles de mexicanos y extranjeros que dejan una significativa derrama econ\u00f3mica.<\/p>\n<p>En este marco, el funcionario estatal insisti\u00f3 que es \u201cun imperativo \u00e9tico el respeto a este ceremonial y a las culturas ind\u00edgenas, como base para seguir construyendo relaciones de amistad, armon\u00eda y colaboraci\u00f3n entre todos los mexicanos\u201d.<\/p>\n","protected":false},"excerpt":{"rendered":"<p>La Secretar\u00eda de Pueblos Ind\u00edgenas (SPI) celebra el arribo de miles de visitantes a Michoac\u00e1n para compartir los rituales ancestrales del retorno de las \u00e1nimas de los difuntos, e insiste en su llamado a conducirse con respeto a quienes dan vida al ceremonial reconocido tambi\u00e9n como Patrimonio Cultural Intangible de la Humanidad.<\/p>\n","protected":false},"author":1,"featured_media":27186,"comment_status":"open","ping_status":"open","sticky":false,"template":"","format":"standard","meta":{"footnotes":""},"categories":[14,3],"tags":[],"class_list":["post-27185","post","type-post","status-publish","format-standard","has-post-thumbnail","hentry","category-destacadas","category-gobierno-del-estado-de-michoacan"],"_links":{"self":[{"href":"https:\/\/radiowebmx.com\/nota\/wp-json\/wp\/v2\/posts\/27185","targetHints":{"allow":["GET"]}}],"collection":[{"href":"https:\/\/radiowebmx.com\/nota\/wp-json\/wp\/v2\/posts"}],"about":[{"href":"https:\/\/radiowebmx.com\/nota\/wp-json\/wp\/v2\/types\/post"}],"author":[{"embeddable":true,"href":"https:\/\/radiowebmx.com\/nota\/wp-json\/wp\/v2\/users\/1"}],"replies":[{"embeddable":true,"href":"https:\/\/radiowebmx.com\/nota\/wp-json\/wp\/v2\/comments?post=27185"}],"version-history":[{"count":1,"href":"https:\/\/radiowebmx.com\/nota\/wp-json\/wp\/v2\/posts\/27185\/revisions"}],"predecessor-version":[{"id":27187,"href":"https:\/\/radiowebmx.com\/nota\/wp-json\/wp\/v2\/posts\/27185\/revisions\/27187"}],"wp:featuredmedia":[{"embeddable":true,"href":"https:\/\/radiowebmx.com\/nota\/wp-json\/wp\/v2\/media\/27186"}],"wp:attachment":[{"href":"https:\/\/radiowebmx.com\/nota\/wp-json\/wp\/v2\/media?parent=27185"}],"wp:term":[{"taxonomy":"category","embeddable":true,"href":"https:\/\/radiowebmx.com\/nota\/wp-json\/wp\/v2\/categories?post=27185"},{"taxonomy":"post_tag","embeddable":true,"href":"https:\/\/radiowebmx.com\/nota\/wp-json\/wp\/v2\/tags?post=27185"}],"curies":[{"name":"wp","href":"https:\/\/api.w.org\/{rel}","templated":true}]}}