{"id":27182,"date":"2016-11-01T13:26:37","date_gmt":"2016-11-01T19:26:37","guid":{"rendered":"https:\/\/radiowebmx.com\/nota\/?p=27182"},"modified":"2016-11-01T13:26:37","modified_gmt":"2016-11-01T19:26:37","slug":"secretaria-de-servicios-publicos-garantiza-orden-en-instalacion-de-comerciantes-de-flores-por-dia-de-muertos","status":"publish","type":"post","link":"https:\/\/radiowebmx.com\/nota\/secretaria-de-servicios-publicos-garantiza-orden-en-instalacion-de-comerciantes-de-flores-por-dia-de-muertos\/","title":{"rendered":"Secretar\u00eda de Servicios P\u00fablicos garantiza orden en instalaci\u00f3n de comerciantes de flores por D\u00eda de Muertos"},"content":{"rendered":"<p>Morelia se encuentra lista para la celebraci\u00f3n tradicional del D\u00eda de Muertos y para que cientos de ciudadanos rememoren a sus seres queridos con las flores alusivas a esta fecha, afirm\u00f3 el Secretario de Servicios P\u00fablicos municipales, Jos\u00e9 Luis Gil V\u00e1zquez, quien precis\u00f3 que ya est\u00e1 en marcha el operativo tendiente a la colocaci\u00f3n de los comercios semi-fijos.<\/p>\n<p>Destac\u00f3 que como cada a\u00f1o, el Ayuntamiento capitalino, a trav\u00e9s de la Direcci\u00f3n de Mercados, llev\u00f3 a cabo una revisi\u00f3n permanente de los puestos que ser\u00e1n instalados a prop\u00f3sito de esta conmemoraci\u00f3n, de tal manera que las actividades mercantiles se desarrollen en orden y en un entorno de sana convivencia.<\/p>\n<p>El funcionario municipal, inform\u00f3 que este lunes terminaron de instalarse 267 comerciantes que vender\u00e1n la flor t\u00edpica del D\u00eda de Muertos en distintos puntos del municipio y algunos de los cuales comenzaron a establecerse desde el pasado 28 de octubre.<\/p>\n<p>\u201cPor la parte de los mercaderes especializados en la venta de Flor de temporada se encuentran preparados y organizados para la instalaci\u00f3n de su vendimia, ya que desde el pasado viernes se colocaron en Av. Nocup\u00e9taro y Guadalupe Victoria, el d\u00eda s\u00e1bado 29 de octubre, hicieron lo propio en el Pante\u00f3n Gayosso, y por \u00faltimo en el Pante\u00f3n Municipal este lunes se instalar\u00e1n otros comerciantes\u201d, puntualiz\u00f3.<\/p>\n<p>En este tenor, record\u00f3 que el comercio en la modalidad de semi-fijo se coloca a\u00f1o con a\u00f1o en las inmediaciones del Pante\u00f3n Municipal, en la explanada sur Mercado Independencia (Av. L\u00e1zaro C\u00e1rdenas), el Mercado Revoluci\u00f3n (calle Revoluci\u00f3n), en las inmediaciones del Parque Deportivo 150, as\u00ed como en los principales camposantos de las 12 Tenencias del Municipio,<\/p>\n<p>En su oportunidad, el Director de Mercados, Jos\u00e9 Eugenio Villalobos Guzm\u00e1n, mencion\u00f3 que el trabajo realizado del personal municipal tiene el conocimiento de la encomienda del Presidente Municipal, Alfonso Mart\u00ednez Alc\u00e1zar, de hacer cumplir los lineamientos del comercio semi-fijo, en d\u00f3nde se vela por un servicio justo a las familias que se dar\u00e1n cita para adquirir las florestas tradicionales y as\u00ed recordar a sus seres queridos en esta fecha tan especial.<\/p>\n<p>Ser\u00e1n 27 inspectores los encargados de realizar supervisi\u00f3n para que los comerciantes que se instalan no invadan \u00e1reas que no est\u00e1n contempladas para este rubro, as\u00ed como que estos no invadan espacios que no les pertenecen, ni ocupen m\u00e1s de lo tolerado.<\/p>\n<p>De igual manera se estar\u00e1 supervisando que no se presente ning\u00fan conflicto entre los comerciantes, siendo que de presentarse alg\u00fan detalle el personal de inspecci\u00f3n de esta Direcci\u00f3n buscar\u00e1 en conjunto con los comerciantes, una soluci\u00f3n al posible conflicto; esto tambi\u00e9n en coordinaci\u00f3n con la Direcci\u00f3n de Seguridad Ciudadana, Direcci\u00f3n de Inspecci\u00f3n y Vigilancia, la Direcci\u00f3n de Servicios Auxiliares y Protecci\u00f3n Civil Municipal.<\/p>\n<p>Con estas acciones la actual Administraci\u00f3n, busca mantener vivas las tradiciones y salvaguardar el orden, de tal manera que esta importante conmemoraci\u00f3n se realice en un ambiente familiar y seguro.<\/p>\n","protected":false},"excerpt":{"rendered":"<p>Morelia se encuentra lista para la celebraci\u00f3n tradicional del D\u00eda de Muertos y para que cientos de ciudadanos rememoren a sus seres queridos con las flores alusivas a esta fecha, afirm\u00f3 el Secretario de Servicios P\u00fablicos municipales, Jos\u00e9 Luis Gil V\u00e1zquez, quien precis\u00f3 que ya est\u00e1 en marcha el operativo tendiente a la colocaci\u00f3n de los comercios semi-fijos.<\/p>\n","protected":false},"author":1,"featured_media":27183,"comment_status":"open","ping_status":"open","sticky":false,"template":"","format":"standard","meta":{"footnotes":""},"categories":[14,9],"tags":[],"class_list":["post-27182","post","type-post","status-publish","format-standard","has-post-thumbnail","hentry","category-destacadas","category-morelia"],"_links":{"self":[{"href":"https:\/\/radiowebmx.com\/nota\/wp-json\/wp\/v2\/posts\/27182","targetHints":{"allow":["GET"]}}],"collection":[{"href":"https:\/\/radiowebmx.com\/nota\/wp-json\/wp\/v2\/posts"}],"about":[{"href":"https:\/\/radiowebmx.com\/nota\/wp-json\/wp\/v2\/types\/post"}],"author":[{"embeddable":true,"href":"https:\/\/radiowebmx.com\/nota\/wp-json\/wp\/v2\/users\/1"}],"replies":[{"embeddable":true,"href":"https:\/\/radiowebmx.com\/nota\/wp-json\/wp\/v2\/comments?post=27182"}],"version-history":[{"count":1,"href":"https:\/\/radiowebmx.com\/nota\/wp-json\/wp\/v2\/posts\/27182\/revisions"}],"predecessor-version":[{"id":27184,"href":"https:\/\/radiowebmx.com\/nota\/wp-json\/wp\/v2\/posts\/27182\/revisions\/27184"}],"wp:featuredmedia":[{"embeddable":true,"href":"https:\/\/radiowebmx.com\/nota\/wp-json\/wp\/v2\/media\/27183"}],"wp:attachment":[{"href":"https:\/\/radiowebmx.com\/nota\/wp-json\/wp\/v2\/media?parent=27182"}],"wp:term":[{"taxonomy":"category","embeddable":true,"href":"https:\/\/radiowebmx.com\/nota\/wp-json\/wp\/v2\/categories?post=27182"},{"taxonomy":"post_tag","embeddable":true,"href":"https:\/\/radiowebmx.com\/nota\/wp-json\/wp\/v2\/tags?post=27182"}],"curies":[{"name":"wp","href":"https:\/\/api.w.org\/{rel}","templated":true}]}}