{"id":27174,"date":"2016-11-01T12:45:29","date_gmt":"2016-11-01T18:45:29","guid":{"rendered":"https:\/\/radiowebmx.com\/nota\/?p=27174"},"modified":"2016-11-01T12:45:29","modified_gmt":"2016-11-01T18:45:29","slug":"a-pesar-de-rezago-presupuestal-deportistas-michoacanos-siguen-dando-resultados-andrea-villanueva","status":"publish","type":"post","link":"https:\/\/radiowebmx.com\/nota\/a-pesar-de-rezago-presupuestal-deportistas-michoacanos-siguen-dando-resultados-andrea-villanueva\/","title":{"rendered":"A PESAR DE REZAGO PRESUPUESTAL, DEPORTISTAS  MICHOACANOS SIGUEN DANDO RESULTADOS: ANDREA VILLANUEVA"},"content":{"rendered":"<p class=\"x_MsoNormal\">Comprometida con el desarrollo deportivo, cultural y social de las nuevas generaciones de michoacanos, la diputada Andrea Villanueva Cano reconoci\u00f3 el talento de ni\u00f1os y j\u00f3venes de la escuela \u201cMoo Do He\u201d, as\u00ed como a sus profesores Rosa Hern\u00e1ndez Aguilar y Marco Antonio Carre\u00f3n, quienes obtuvieron los primeros lugares en el Torneo Internacional Copa Kim 2016.<\/p>\n<p class=\"x_MsoNormal\">Al respecto, la representante del Distrito XVII destac\u00f3 que si bien se hacen esfuerzos en materia deportiva en nuestro estado, a\u00fan existe un rezago importante en el presupuesto que se destina al fomento deportivo y para \u00a0infraestructura.<\/p>\n<p class=\"x_MsoNormal\">Apenas en 2014, se\u00f1al\u00f3 la diputada, se destin\u00f3 un monto superior a los 177 millones de pesos para la Comisi\u00f3n Estatal de Cultura F\u00edsica y Deporte (CECUFID), sin embargo para este 2017 se tiene previsto un presupuesto de poco m\u00e1s 50 millones de pesos, lo que sin duda repercute en la motivaci\u00f3n de los deportistas michoacanos.<\/p>\n<p class=\"x_MsoNormal\">No obstante, la legisladora panista destac\u00f3 el optimismo y compromiso tanto de profesores como de ni\u00f1os y j\u00f3venes practicantes de diversas ramas deportivas, de manera especial, felicit\u00f3 a los estudiantes de la escuela de Tae Kwon Do por haberse destacado a nivel nacional en la Copa Kim 2016, siendo un referente de que en Michoac\u00e1n a pesar de la adversidad, se sigue trabajando desde la ciudadan\u00eda en la construcci\u00f3n de un estado con oportunidades y desarrollo.<\/p>\n<p class=\"x_MsoNormal\">De esta manera, Andrea Villanueva asegur\u00f3 que continuar\u00e1 respaldando a todos los j\u00f3venes que tengan ganas de salir adelante con esfuerzo y dedicaci\u00f3n, particularmente a quienes a trav\u00e9s de su talento en el deporte, la cultura y las diversas formas de expresi\u00f3n art\u00edstica, ponen en alto a Morelia y a Michoac\u00e1n.<\/p>\n<p class=\"x_MsoNormal\">Cabe se\u00f1alar que durante la entrega de reconocimientos por parte de la diputada panista, se distingui\u00f3 a los siguientes deportistas:<\/p>\n<p class=\"x_MsoNormal\">\n<p class=\"x_MsoNormal\">\n<ul type=\"disc\">\n<li class=\"x_MsoNormal\">Valeria Mendoza \u00c1vila<br \/>\n1er lugar rompimiento<br \/>\n1er lugar en combate<\/li>\n<li class=\"x_MsoNormal\">Luis Santiago Hern\u00e1ndez Villase\u00f1or<br \/>\n2do lugar rompimiento<br \/>\n3er lugar combate<\/li>\n<li class=\"x_MsoNormal\">Camila N\u00fa\u00f1ez Mart\u00ednez<br \/>\n3er lugar formas<br \/>\n1er lugar combate<\/li>\n<li class=\"x_MsoNormal\">Alfredo Mendoza flores<br \/>\n1er lugar en formas<br \/>\n1er ligar combate<\/li>\n<li class=\"x_MsoNormal\">Jacqueline Fuentes Mej\u00eda<br \/>\n2do lugar formas<br \/>\n1er lugar combate<\/li>\n<li class=\"x_MsoNormal\">Morelia Moreno N\u00fa\u00f1ez<br \/>\n1er lugar formas<br \/>\n1er lugar combate<\/li>\n<li class=\"x_MsoNormal\">Jos\u00e9 Alejandro Ju\u00e1rez N\u00fa\u00f1ez<\/li>\n<\/ul>\n<p class=\"x_MsoNormal\">1er Lugar en Combate<\/p>\n<p class=\"x_MsoNormal\">3er Lugar en Formas<\/p>\n<ul type=\"disc\">\n<li class=\"x_MsoNormal\">Andre Emilano Hern\u00e1ndez Villase\u00f1or<br \/>\n2do lugar formas<br \/>\n2do lugar combate<\/li>\n<li class=\"x_MsoNormal\">Jaffet Ballesteros Garc\u00eda<br \/>\n3er lugar formas<br \/>\n1er lugar combate<\/li>\n<li class=\"x_MsoNormal\">Cecilia Salgado Espinosa<br \/>\n2do lugar formas<br \/>\n1er lugar combate<\/li>\n<li class=\"x_MsoNormal\">Miriam Herrejon Urrutia<br \/>\n3er lugar formas<br \/>\n1er lugar combate<\/li>\n<li class=\"x_MsoNormal\">Mayra Guti\u00e9rrez Romero<br \/>\n3er lugar formas<br \/>\n1er lugar combate<\/li>\n<\/ul>\n","protected":false},"excerpt":{"rendered":"<p>Comprometida con el desarrollo deportivo, cultural y social de las nuevas generaciones de michoacanos, la diputada Andrea Villanueva Cano reconoci\u00f3 el talento de ni\u00f1os y j\u00f3venes de la escuela \u201cMoo Do He\u201d, as\u00ed como a sus profesores Rosa Hern\u00e1ndez Aguilar y Marco Antonio Carre\u00f3n, quienes obtuvieron los primeros lugares en el Torneo Internacional Copa Kim 2016.<\/p>\n","protected":false},"author":1,"featured_media":27175,"comment_status":"open","ping_status":"open","sticky":false,"template":"","format":"standard","meta":{"footnotes":""},"categories":[6,14,8],"tags":[],"class_list":["post-27174","post","type-post","status-publish","format-standard","has-post-thumbnail","hentry","category-congreso-del-estado","category-destacadas","category-grupo-parlamentario-del-pan"],"_links":{"self":[{"href":"https:\/\/radiowebmx.com\/nota\/wp-json\/wp\/v2\/posts\/27174","targetHints":{"allow":["GET"]}}],"collection":[{"href":"https:\/\/radiowebmx.com\/nota\/wp-json\/wp\/v2\/posts"}],"about":[{"href":"https:\/\/radiowebmx.com\/nota\/wp-json\/wp\/v2\/types\/post"}],"author":[{"embeddable":true,"href":"https:\/\/radiowebmx.com\/nota\/wp-json\/wp\/v2\/users\/1"}],"replies":[{"embeddable":true,"href":"https:\/\/radiowebmx.com\/nota\/wp-json\/wp\/v2\/comments?post=27174"}],"version-history":[{"count":1,"href":"https:\/\/radiowebmx.com\/nota\/wp-json\/wp\/v2\/posts\/27174\/revisions"}],"predecessor-version":[{"id":27176,"href":"https:\/\/radiowebmx.com\/nota\/wp-json\/wp\/v2\/posts\/27174\/revisions\/27176"}],"wp:featuredmedia":[{"embeddable":true,"href":"https:\/\/radiowebmx.com\/nota\/wp-json\/wp\/v2\/media\/27175"}],"wp:attachment":[{"href":"https:\/\/radiowebmx.com\/nota\/wp-json\/wp\/v2\/media?parent=27174"}],"wp:term":[{"taxonomy":"category","embeddable":true,"href":"https:\/\/radiowebmx.com\/nota\/wp-json\/wp\/v2\/categories?post=27174"},{"taxonomy":"post_tag","embeddable":true,"href":"https:\/\/radiowebmx.com\/nota\/wp-json\/wp\/v2\/tags?post=27174"}],"curies":[{"name":"wp","href":"https:\/\/api.w.org\/{rel}","templated":true}]}}