{"id":27171,"date":"2016-11-01T12:31:30","date_gmt":"2016-11-01T18:31:30","guid":{"rendered":"https:\/\/radiowebmx.com\/nota\/?p=27171"},"modified":"2016-11-01T12:31:30","modified_gmt":"2016-11-01T18:31:30","slug":"destaca-alfonso-martinez-participacion-ciudadana-en-celebracion-del-dia-de-muertos-en-morelia","status":"publish","type":"post","link":"https:\/\/radiowebmx.com\/nota\/destaca-alfonso-martinez-participacion-ciudadana-en-celebracion-del-dia-de-muertos-en-morelia\/","title":{"rendered":"Destaca Alfonso Mart\u00ednez participaci\u00f3n ciudadana en celebraci\u00f3n del D\u00eda de Muertos en Morelia"},"content":{"rendered":"<p>En el marco de la celebraci\u00f3n del D\u00eda de Muertos, el Presidente Municipal de Morelia, Alfonso Mart\u00ednez Alc\u00e1zar, realiz\u00f3 la ma\u00f1ana de este martes, un recorrido por las plazas y sitios emblem\u00e1ticos del Centro Hist\u00f3rico de la cuidad, en donde cientos de ciudadanos participan en la elaboraci\u00f3n de altares y tapetes alusivos a esta fecha para resaltar esta tradici\u00f3n tan significativa para los mexicanos.<\/p>\n<p>Acompa\u00f1ado de la Secretaria de Turismo Municipal, Thelma Aquique Arrieta; el Secretario de Servicios P\u00fablicos, Jos\u00e9 Luis Gil V\u00e1zquez; el Gerente del Patrimonio Cultural, Gaspar Hern\u00e1ndez Razo; as\u00ed como el artesano de Santa Fe de la Laguna, Joel Ram\u00edrez Huacuz, el Alcalde subray\u00f3 la gran participaci\u00f3n de los m\u00e1s de 2 mil estudiantes de diferentes centros educativos y de vecinos quienes colaboran con entusiasmo para &#8220;embellecer a Morelia&#8221;, como parte de esta conmemoraci\u00f3n.<\/p>\n<p>&#8220;Lo m\u00e1s importante es la participaci\u00f3n de la ciudadan\u00eda que est\u00e1 embelleciendo nuestra ciudad, tanto de universidades, familias y medios de comunicaci\u00f3n&#8221;, acot\u00f3 Mart\u00ednez Alc\u00e1zar, al tiempo que destac\u00f3 el inter\u00e9s de los artesanos de Santa Fe de la Laguna que acudieron a adornar a la capital michoacana en el \u00e1nimo de &#8220;enaltecer y revivir est\u00e1 tradici\u00f3n que nos enorgullece a todos las michoacanos&#8221;.<\/p>\n<p>Bajo este contexto, aprovech\u00f3 para invitar a la ciudadan\u00eda a ser parte de las m\u00faltiples actividades culturales contempladas para este D\u00eda de Muertos, as\u00ed como a que acudan a las distintas plazas y jardines del primer cuadro de la cuidad a contemplar los altares.<\/p>\n<p>El Jefe de la Comuna Moreliana record\u00f3 que a partir de las 17:00 horas iniciar\u00e1 el desfile de Catrinas que partir\u00e1 de la Calzada Fray Antonio de San Miguel y terminar\u00e1 en la Catedral de Morelia; de igual forma se realizar\u00e1n las premiaciones del concurso de Catrines, Altares, Tapetes y Decoraci\u00f3n de Fuentes a las 20:00 horas en la cerrada de San Agust\u00edn.<\/p>\n<p>En tanto que para cerrar con broche de oro las actividades, a\u00f1adi\u00f3, se proyectar\u00e1 el Video Mapping a las 21:00 horas en la Plaza Valladolid y posteriormente se tendr\u00e1 un juego de exhibici\u00f3n de pelota encendida por los alumnos de la escuela preparatoria Prefeco Melchor Ocampo en esta misma plaza.<\/p>\n<p>Cabe mencionar que el Presidente Municipal, acompa\u00f1ado de los funcionarios municipales, inici\u00f3 el recorrido en la Calzada Fray Antonio de San Miguel, donde apreci\u00f3 las calaveras elaboradas por estudiantes de la Facultad de Bellas Artes; despu\u00e9s se dirigi\u00f3 a la Plaza Villalong\u00edn, espacio en el que convivi\u00f3 con los alumnos del Instituto Tecnol\u00f3gico de Morelia y del Instituto Milenium, quienes eran los encargados de realizar las ofrendas.<\/p>\n<p>Posteriormente, acudi\u00f3 a las Tarascas, as\u00ed como al Jard\u00edn H\u00e9roes de 1847, en donde tambi\u00e9n salud\u00f3 a los estudiantes del Instituto Jefferson, para luego acudir a la Plaza Valladolid, en el que alumnos de la escuela preparatoria Prefeco Melchor Ocampo, le explicaron acerca de los altares que se encontraban montando; finalmente culmin\u00f3 el recorrido en la Cerrada de San Agust\u00edn.<\/p>\n","protected":false},"excerpt":{"rendered":"<p>En el marco de la celebraci\u00f3n del D\u00eda de Muertos, el Presidente Municipal de Morelia, Alfonso Mart\u00ednez Alc\u00e1zar, realiz\u00f3 la ma\u00f1ana de este martes, un recorrido por las plazas y sitios emblem\u00e1ticos del Centro Hist\u00f3rico de la cuidad, en donde cientos de ciudadanos participan en la elaboraci\u00f3n de altares y tapetes alusivos a esta fecha para resaltar esta tradici\u00f3n tan significativa para los mexicanos.<\/p>\n","protected":false},"author":1,"featured_media":27172,"comment_status":"open","ping_status":"open","sticky":false,"template":"","format":"standard","meta":{"footnotes":""},"categories":[14,9],"tags":[],"class_list":["post-27171","post","type-post","status-publish","format-standard","has-post-thumbnail","hentry","category-destacadas","category-morelia"],"_links":{"self":[{"href":"https:\/\/radiowebmx.com\/nota\/wp-json\/wp\/v2\/posts\/27171","targetHints":{"allow":["GET"]}}],"collection":[{"href":"https:\/\/radiowebmx.com\/nota\/wp-json\/wp\/v2\/posts"}],"about":[{"href":"https:\/\/radiowebmx.com\/nota\/wp-json\/wp\/v2\/types\/post"}],"author":[{"embeddable":true,"href":"https:\/\/radiowebmx.com\/nota\/wp-json\/wp\/v2\/users\/1"}],"replies":[{"embeddable":true,"href":"https:\/\/radiowebmx.com\/nota\/wp-json\/wp\/v2\/comments?post=27171"}],"version-history":[{"count":1,"href":"https:\/\/radiowebmx.com\/nota\/wp-json\/wp\/v2\/posts\/27171\/revisions"}],"predecessor-version":[{"id":27173,"href":"https:\/\/radiowebmx.com\/nota\/wp-json\/wp\/v2\/posts\/27171\/revisions\/27173"}],"wp:featuredmedia":[{"embeddable":true,"href":"https:\/\/radiowebmx.com\/nota\/wp-json\/wp\/v2\/media\/27172"}],"wp:attachment":[{"href":"https:\/\/radiowebmx.com\/nota\/wp-json\/wp\/v2\/media?parent=27171"}],"wp:term":[{"taxonomy":"category","embeddable":true,"href":"https:\/\/radiowebmx.com\/nota\/wp-json\/wp\/v2\/categories?post=27171"},{"taxonomy":"post_tag","embeddable":true,"href":"https:\/\/radiowebmx.com\/nota\/wp-json\/wp\/v2\/tags?post=27171"}],"curies":[{"name":"wp","href":"https:\/\/api.w.org\/{rel}","templated":true}]}}