{"id":2717,"date":"2013-05-27T11:41:21","date_gmt":"2013-05-27T16:41:21","guid":{"rendered":"https:\/\/radiowebmx.com\/nota\/?p=2717"},"modified":"2013-05-27T11:41:21","modified_gmt":"2013-05-27T16:41:21","slug":"entrega-gobernador-jesus-reyna-vehiculos-para-el-transporte-de-personas-con-discapacidad-a-31-municipios","status":"publish","type":"post","link":"https:\/\/radiowebmx.com\/nota\/entrega-gobernador-jesus-reyna-vehiculos-para-el-transporte-de-personas-con-discapacidad-a-31-municipios\/","title":{"rendered":"ENTREGA GOBERNADOR JES\u00daS REYNA VEH\u00cdCULOS PARA EL TRANSPORTE DE PERSONAS CON DISCAPACIDAD A 31 MUNICIPIOS"},"content":{"rendered":"<p>Las personas con discapacidad de 31 municipios michoacanos, desde ahora contar\u00e1n con la facilidad para trasladarse a recibir sus terapias o bien, acudir a sus consultas m\u00e9dicas con oportunidad, ya que el gobierno del estado hizo entrega a los ediles de dichos municipios, de unidades de transporte especializadas para el traslado de personas con discapacidad.<\/p>\n<p>Al entregar las llaves de los veh\u00edculos, en compa\u00f1\u00eda de la directora del Sistema DIF estatal, Nelly Sastr\u00e9 Gasca, el gobernador del estado, Jes\u00fas Reyna Garc\u00eda, afirm\u00f3 que en esta administraci\u00f3n, \u201ctrabajamos bajo el principio de ser un gobierno humanista, que respete y dignifique el valor de la vida y de las personas, pues a\u00fan con nuestras diferencias, todos constituimos la riqueza de nuestra sociedad\u201d.<\/p>\n<p>Reyna Garc\u00eda exhort\u00f3 a las autoridades de los tres \u00f3rdenes de gobierno a trabajar coordinadamente para lograr en Michoac\u00e1n, un desarrollo humano digno, pleno y equitativo.<\/p>\n<p>Explic\u00f3 que las unidades fueron adquiridas con recursos por 15 millones 377 mil pesos, del Fondo de Accesibilidad en el Transporte P\u00fablico para las Personas con Discapacidad, que el gobierno estatal consigui\u00f3 a trav\u00e9s de la Comisi\u00f3n Coordinadora del Transporte (Cocotra) y con la gesti\u00f3n de la se\u00f1ora Patricia Mora de Vallejo, presidenta del DIF Michoac\u00e1n.<\/p>\n<p>El mandatario estatal consider\u00f3 ben\u00e9fico brindar m\u00e1s apoyo a quienes por su condici\u00f3n de vulnerabilidad se ven impedidos a realizar sus actividades cotidianas con regularidad, por lo que celebr\u00f3 el contar con este recurso etiquetado del Presupuesto de Egresos de la Federaci\u00f3n.<\/p>\n<p>De acuerdo a Mauro Ram\u00f3n Ballesteros Figueroa, titular de Secretar\u00eda de Urbanismo y Medio Ambiente, los veh\u00edculos nuevos est\u00e1n equipados con sistemas hidr\u00e1ulicos, rampas, espacio para sillas de ruedas y pasamanos.<\/p>\n<p>Los municipios beneficiados son aquellos que registran el mayor n\u00famero de personas con discapacidad y donde m\u00e1s beneficio pod\u00edan generar estos veh\u00edculos.<\/p>\n<p>Los ayuntamientos que contar\u00e1n con estas unidades son: Angangueo, Apatzing\u00e1n, Aquila, Ario, Arteaga, Cher\u00e1n Churintzio, Hidalgo, Huetamo, La Huacana, La Piedad, \u00a0L\u00e1zaro C\u00e1rdenas, Maravat\u00edo, M\u00fagica, Paracho, P\u00e1tzcuaro, Quiroga, Sahuayo, San Lucas, Tangamandapio, Tanganc\u00edcuaro, Taretan, Tiquicheo, Tlalpujahua, Tzitzio, Uruapan, Venustiano Carranza, Yur\u00e9cuaro, Zacapu, Zamora y Zit\u00e1cuaro.<\/p>\n<p>Con la operaci\u00f3n de dichas unidades, se estima que los Ayuntamientos pueden brindar mensualmente alrededor de 6 mil 500 servicios de traslado, con lo que se atender\u00e1 una de las necesidades m\u00e1s sentidas de la poblaci\u00f3n y de los grupos vulnerables; para lo cual adem\u00e1s, las autoridades municipales firmaron un convenio de comodato en el que se hacen responsables de estos veh\u00edculos.<\/p>\n<p>Por su parte, Nelly Sastr\u00e9, directora del DIF Michoac\u00e1n, asegur\u00f3: \u201cPor esa raz\u00f3n nos complace ser parte de esta entrega que estamos seguros cambiar\u00e1 la vida de mucha gente que ahora vivir\u00e1 con la dignidad que merece\u201d.<\/p>\n<p>A nombre de los presidentes municipales beneficiados, Dalia Santana Pineda, alcaldesa de Huetamo, agradeci\u00f3 los apoyos recibidos y comprometi\u00f3 su trabajo al servicio de las personas con discapacidad.<\/p>\n<p>Es as\u00ed como el gobierno del estado colabora en la construcci\u00f3n de una sociedad equitativa e incluyente que protege los derechos de las personas con discapacidad y contribuye a su desarrollo integral e inclusi\u00f3n plena.<\/p>\n<p>Cabe mencionar que a trav\u00e9s de este Fondo, para el a\u00f1o 2013, el gobierno de Michoac\u00e1n logr\u00f3 gestionar adicionalmente 16 millones 990 mil pesos, los cuales se utilizar\u00e1n para mejorar las condiciones de transporte p\u00fablico hacia la \u201cCiudad Salud\u201d, ubicada en los l\u00edmites de Morelia y Charo, y se estudian a\u00fan los pormenores de su aplicaci\u00f3n.<\/p>\n","protected":false},"excerpt":{"rendered":"<p>Las personas con discapacidad de 31 municipios michoacanos, desde ahora contar\u00e1n con la facilidad para trasladarse a recibir sus terapias o bien, acudir a sus consultas m\u00e9dicas con oportunidad, ya que el gobierno del estado hizo entrega a los ediles de dichos municipios, de unidades de transporte especializadas para el traslado de personas con discapacidad. [&hellip;]<\/p>\n","protected":false},"author":1,"featured_media":0,"comment_status":"open","ping_status":"open","sticky":false,"template":"","format":"standard","meta":{"footnotes":""},"categories":[14,3],"tags":[],"class_list":["post-2717","post","type-post","status-publish","format-standard","hentry","category-destacadas","category-gobierno-del-estado-de-michoacan"],"_links":{"self":[{"href":"https:\/\/radiowebmx.com\/nota\/wp-json\/wp\/v2\/posts\/2717","targetHints":{"allow":["GET"]}}],"collection":[{"href":"https:\/\/radiowebmx.com\/nota\/wp-json\/wp\/v2\/posts"}],"about":[{"href":"https:\/\/radiowebmx.com\/nota\/wp-json\/wp\/v2\/types\/post"}],"author":[{"embeddable":true,"href":"https:\/\/radiowebmx.com\/nota\/wp-json\/wp\/v2\/users\/1"}],"replies":[{"embeddable":true,"href":"https:\/\/radiowebmx.com\/nota\/wp-json\/wp\/v2\/comments?post=2717"}],"version-history":[{"count":2,"href":"https:\/\/radiowebmx.com\/nota\/wp-json\/wp\/v2\/posts\/2717\/revisions"}],"predecessor-version":[{"id":2719,"href":"https:\/\/radiowebmx.com\/nota\/wp-json\/wp\/v2\/posts\/2717\/revisions\/2719"}],"wp:attachment":[{"href":"https:\/\/radiowebmx.com\/nota\/wp-json\/wp\/v2\/media?parent=2717"}],"wp:term":[{"taxonomy":"category","embeddable":true,"href":"https:\/\/radiowebmx.com\/nota\/wp-json\/wp\/v2\/categories?post=2717"},{"taxonomy":"post_tag","embeddable":true,"href":"https:\/\/radiowebmx.com\/nota\/wp-json\/wp\/v2\/tags?post=2717"}],"curies":[{"name":"wp","href":"https:\/\/api.w.org\/{rel}","templated":true}]}}