{"id":27142,"date":"2016-11-01T10:40:41","date_gmt":"2016-11-01T16:40:41","guid":{"rendered":"https:\/\/radiowebmx.com\/nota\/?p=27142"},"modified":"2016-11-01T10:40:41","modified_gmt":"2016-11-01T16:40:41","slug":"entrega-ivem-predios-y-constancias-de-asignacion-a-100-familias-de-tarimbaro","status":"publish","type":"post","link":"https:\/\/radiowebmx.com\/nota\/entrega-ivem-predios-y-constancias-de-asignacion-a-100-familias-de-tarimbaro\/","title":{"rendered":"Entrega IVEM predios y constancias de asignaci\u00f3n a 100 familias de Tar\u00edmbaro"},"content":{"rendered":"<p><strong>Tar\u00edmbaro, Michoac\u00e1n, a 31 de octubre de 2016.-<\/strong> Un total de 100 familias de la comunidad de Uru\u00e9taro, perteneciente a este municipio, recibieron f\u00edsicamente predios y las constancias de asignaci\u00f3n correspondientes por parte del Instituto de Vivienda del Estado de Michoac\u00e1n (IVEM).<\/p>\n<p>Al entregar las constancias de asignaci\u00f3n a nombre del Gobernador Silvano Aureoles Conejo, la directora general de la dependencia, Yesm\u00edn S\u00e1nchez Huerta, refiri\u00f3 que es una indicaci\u00f3n del mandatario intensificar el trabajo para ofrecerle a la poblaci\u00f3n en condici\u00f3n vulnerable un patrimonio que les permita mejorar su calidad de vida.<\/p>\n<p>La funcionaria estatal agradeci\u00f3 la confianza en el Gobierno del Estado y destac\u00f3 que la mayor\u00eda de los beneficiarios son mujeres, por lo que refrend\u00f3 el compromiso de Silvano Aureoles con las jefas de familia y las mujeres trabajadoras.<\/p>\n<p>Cabe mencionar que la entrega de las constancias de asignaci\u00f3n congreg\u00f3 a las y los beneficiarios con sus familiares, quienes en un ambiente festivo recibieron de parte de personal t\u00e9cnico del IVEM los predios correspondientes.<\/p>\n","protected":false},"excerpt":{"rendered":"<p>Un total de 100 familias de la comunidad de Uru\u00e9taro, perteneciente a este municipio, recibieron f\u00edsicamente predios y las constancias de asignaci\u00f3n correspondientes por parte del Instituto de Vivienda del Estado de Michoac\u00e1n (IVEM).<\/p>\n","protected":false},"author":1,"featured_media":27143,"comment_status":"open","ping_status":"open","sticky":false,"template":"","format":"standard","meta":{"footnotes":""},"categories":[14,3],"tags":[],"class_list":["post-27142","post","type-post","status-publish","format-standard","has-post-thumbnail","hentry","category-destacadas","category-gobierno-del-estado-de-michoacan"],"_links":{"self":[{"href":"https:\/\/radiowebmx.com\/nota\/wp-json\/wp\/v2\/posts\/27142","targetHints":{"allow":["GET"]}}],"collection":[{"href":"https:\/\/radiowebmx.com\/nota\/wp-json\/wp\/v2\/posts"}],"about":[{"href":"https:\/\/radiowebmx.com\/nota\/wp-json\/wp\/v2\/types\/post"}],"author":[{"embeddable":true,"href":"https:\/\/radiowebmx.com\/nota\/wp-json\/wp\/v2\/users\/1"}],"replies":[{"embeddable":true,"href":"https:\/\/radiowebmx.com\/nota\/wp-json\/wp\/v2\/comments?post=27142"}],"version-history":[{"count":1,"href":"https:\/\/radiowebmx.com\/nota\/wp-json\/wp\/v2\/posts\/27142\/revisions"}],"predecessor-version":[{"id":27144,"href":"https:\/\/radiowebmx.com\/nota\/wp-json\/wp\/v2\/posts\/27142\/revisions\/27144"}],"wp:featuredmedia":[{"embeddable":true,"href":"https:\/\/radiowebmx.com\/nota\/wp-json\/wp\/v2\/media\/27143"}],"wp:attachment":[{"href":"https:\/\/radiowebmx.com\/nota\/wp-json\/wp\/v2\/media?parent=27142"}],"wp:term":[{"taxonomy":"category","embeddable":true,"href":"https:\/\/radiowebmx.com\/nota\/wp-json\/wp\/v2\/categories?post=27142"},{"taxonomy":"post_tag","embeddable":true,"href":"https:\/\/radiowebmx.com\/nota\/wp-json\/wp\/v2\/tags?post=27142"}],"curies":[{"name":"wp","href":"https:\/\/api.w.org\/{rel}","templated":true}]}}