{"id":2714,"date":"2013-05-27T11:37:38","date_gmt":"2013-05-27T16:37:38","guid":{"rendered":"https:\/\/radiowebmx.com\/nota\/?p=2714"},"modified":"2013-05-27T11:37:38","modified_gmt":"2013-05-27T16:37:38","slug":"atencion-y-respeto-a-los-planteamientos-del-concejo-mayor-de-cheran-jrg","status":"publish","type":"post","link":"https:\/\/radiowebmx.com\/nota\/atencion-y-respeto-a-los-planteamientos-del-concejo-mayor-de-cheran-jrg\/","title":{"rendered":"ATENCI\u00d3N Y RESPETO A LOS PLANTEAMIENTOS DEL CONCEJO MAYOR DE CHER\u00c1N: JRG"},"content":{"rendered":"<p>La Casa Comunal de la cabecera de este municipio, fue la sede del encuentro sostenido entre el gobernador Jes\u00fas Reyna Garc\u00eda e integrantes del Concejo Mayor de Cher\u00e1n, en el que el mandatario escuch\u00f3 con atenci\u00f3n los planteamientos y propuestas de quienes encabezan la funci\u00f3n de gobierno en esta demarcaci\u00f3n enclavada en la Meseta Pur\u00e9pecha.<\/p>\n<p>Durante la reuni\u00f3n presidida por H\u00e9ctor Dur\u00e1n Ju\u00e1rez, quien encabeza el Concejo Mayor de Cher\u00e1n y en la que estuvieron presentes el resto de integrantes de ese cuerpo colegiado, el mandatario estatal escuch\u00f3 los planteamientos de los ciudadanos y se comprometi\u00f3 a analizar las peticiones hechas por los concejeros para la gesti\u00f3n de recursos en pro de los diversos sectores productivos.<\/p>\n<h2>Jes\u00fas Reyna estableci\u00f3 el compromiso de acompa\u00f1ar las diversas gestiones en los rubros de educaci\u00f3n, empleo y desarrollo econ\u00f3mico, lo mismo que para el equipamiento de la polic\u00eda municipal, que en Cher\u00e1n se denomina \u201cRonda Comunitaria\u201d, e hizo entrega de dos unidades vehiculares, una patrulla y una camioneta adaptada para personas con discapacidad, la cual forma parte del parque vehicular adquirido a trav\u00e9s del Fondo de Accesibilidad para Personas con Discapacidad gestionado por la Comisi\u00f3n Coordinadora del Transporte ante la federaci\u00f3n.<\/h2>\n<h2>En un punto de la reuni\u00f3n se exalt\u00f3 el hecho de que en el nivel b\u00e1sico educativo, los centros escolares actualmente reportan un incremento de hasta el cien por ciento en la inscripci\u00f3n de sus matr\u00edculas, con relaci\u00f3n a lo que ocurr\u00eda meses atr\u00e1s.<\/h2>\n<p>Los miembros del Concejo son, Trinidad Ninis Pahuamba, Antonio Dur\u00e1n Vel\u00e1zquez, Gloria Fabi\u00e1n Campos, Gabino Basilio Campos, Jos\u00e9 Trinidad Ram\u00edrez Tapia, Jos\u00e9 Trinidad Estrada Avil\u00e9s, Jafet S\u00e1nchez Robles, Guadalupe Tehand\u00f3n Chapina, Salvador Tapia Cervin, Francisco Fabi\u00e1n Huaroco.<\/p>\n<p>Asistieron a los eventos adem\u00e1s, Jos\u00e9 Luis Esquivel Zalpa, diputado Federal por el Distrito VII de Zacapu; Armando Hurtado Ar\u00e9valo, diputado Local por el Distrito VII de Zacapu; Ricardo Mart\u00ednez Su\u00e1rez, secretario de Desarrollo Econ\u00f3mico y Rafael D\u00edaz Rodr\u00edguez, secretario de Salud en el Estado;\u00a0 Alejandro Avil\u00e9s Reyes, secretario de Pueblos Ind\u00edgenas; Julio Hern\u00e1ndez Granados, coordinador de Comunicaci\u00f3n Social del gobierno estatal; Jaime Mares Camarena, Vocal Ejecutivo del Centro Estatal de Desarrollo Municipal; Cuauht\u00e9moc Ram\u00edrez Romero, Director General de la Comisi\u00f3n Forestal del Estado de Michoac\u00e1n.<\/p>\n","protected":false},"excerpt":{"rendered":"<p>La Casa Comunal de la cabecera de este municipio, fue la sede del encuentro sostenido entre el gobernador Jes\u00fas Reyna Garc\u00eda e integrantes del Concejo Mayor de Cher\u00e1n, en el que el mandatario escuch\u00f3 con atenci\u00f3n los planteamientos y propuestas de quienes encabezan la funci\u00f3n de gobierno en esta demarcaci\u00f3n enclavada en la Meseta Pur\u00e9pecha. <\/p>\n","protected":false},"author":1,"featured_media":0,"comment_status":"open","ping_status":"open","sticky":false,"template":"","format":"standard","meta":{"footnotes":""},"categories":[14,3],"tags":[],"class_list":["post-2714","post","type-post","status-publish","format-standard","hentry","category-destacadas","category-gobierno-del-estado-de-michoacan"],"_links":{"self":[{"href":"https:\/\/radiowebmx.com\/nota\/wp-json\/wp\/v2\/posts\/2714","targetHints":{"allow":["GET"]}}],"collection":[{"href":"https:\/\/radiowebmx.com\/nota\/wp-json\/wp\/v2\/posts"}],"about":[{"href":"https:\/\/radiowebmx.com\/nota\/wp-json\/wp\/v2\/types\/post"}],"author":[{"embeddable":true,"href":"https:\/\/radiowebmx.com\/nota\/wp-json\/wp\/v2\/users\/1"}],"replies":[{"embeddable":true,"href":"https:\/\/radiowebmx.com\/nota\/wp-json\/wp\/v2\/comments?post=2714"}],"version-history":[{"count":2,"href":"https:\/\/radiowebmx.com\/nota\/wp-json\/wp\/v2\/posts\/2714\/revisions"}],"predecessor-version":[{"id":2716,"href":"https:\/\/radiowebmx.com\/nota\/wp-json\/wp\/v2\/posts\/2714\/revisions\/2716"}],"wp:attachment":[{"href":"https:\/\/radiowebmx.com\/nota\/wp-json\/wp\/v2\/media?parent=2714"}],"wp:term":[{"taxonomy":"category","embeddable":true,"href":"https:\/\/radiowebmx.com\/nota\/wp-json\/wp\/v2\/categories?post=2714"},{"taxonomy":"post_tag","embeddable":true,"href":"https:\/\/radiowebmx.com\/nota\/wp-json\/wp\/v2\/tags?post=2714"}],"curies":[{"name":"wp","href":"https:\/\/api.w.org\/{rel}","templated":true}]}}