{"id":27139,"date":"2016-11-01T10:29:15","date_gmt":"2016-11-01T16:29:15","guid":{"rendered":"https:\/\/radiowebmx.com\/nota\/?p=27139"},"modified":"2016-11-01T10:29:15","modified_gmt":"2016-11-01T16:29:15","slug":"gracias-al-apoyo-del-gobernador-crece-empleo-en-michoacan-imss","status":"publish","type":"post","link":"https:\/\/radiowebmx.com\/nota\/gracias-al-apoyo-del-gobernador-crece-empleo-en-michoacan-imss\/","title":{"rendered":"Gracias al apoyo del Gobernador, crece empleo en Michoac\u00e1n: IMSS"},"content":{"rendered":"<p><strong>Uruapan, Michoac\u00e1n, a 31 de octubre de 2016.-<\/strong> Derivado de las pol\u00edticas implementadas por el Gobierno de Silvano Aureoles Conejo y la coordinaci\u00f3n con los gobiernos municipales y federal, hoy Michoac\u00e1n reporta un crecimiento del 5 por ciento en la generaci\u00f3n de empleos, cifra que representa el uno por ciento arriba de la media nacional, que es del 4 por ciento.<\/p>\n<p>&nbsp;<\/p>\n<p>As\u00ed lo se\u00f1al\u00f3 el director general del Instituto Mexicano del Seguro Social (IMSS), Mikel Arriola Pe\u00f1alosa, en el marco del anuncio de autorizaciones de validez oficial para impartir el primer a\u00f1o de educaci\u00f3n preescolar en 35 guarder\u00edas de este instituto en la entidad.<\/p>\n<p>&nbsp;<\/p>\n<p>En este sentido, el Gobernador Constitucional Silvano Aureoles Conejo, refiri\u00f3 que en el sector primario, Michoac\u00e1n fue una de las entidades con m\u00e1s crecimiento en el pa\u00eds, ya que en el \u00faltimo semestre se report\u00f3 un incremento del 7.2 por ciento.<\/p>\n<p>&nbsp;<\/p>\n<p>\u201cEsto es muy bueno para Michoac\u00e1n porque poco a poco vamos generando mejores condiciones de ingreso y desarrollo para todas y para todos\u201d, apunt\u00f3 el mandatario estatal.<\/p>\n<p>&nbsp;<\/p>\n<p>El director general del IMSS aprovech\u00f3 su estancia en las instalaciones de la Empacadora de Aguacates &#8220;RV&#8221;, pues destac\u00f3 que este sector ha sido una pieza fundamental para la estabilidad de la econom\u00eda en Michoac\u00e1n, rubro en el que se han visto beneficiadas las mujeres.<\/p>\n<p>&nbsp;<\/p>\n<p>&#8220;El empleo, con la gesti\u00f3n del Gobernador, est\u00e1 creciendo 5 por ciento al a\u00f1o, 1 por ciento arriba de la media nacional&#8221;, recalc\u00f3.<\/p>\n<p>&nbsp;<\/p>\n<p>En su oportunidad, el Gobernador Aureoles Conejo coincidi\u00f3 con esta cifra y agreg\u00f3 que este crecimiento se refleja en mayor bienestar y confianza para la ciudadan\u00eda michoacana.<\/p>\n","protected":false},"excerpt":{"rendered":"<p>Derivado de las pol\u00edticas implementadas por el Gobierno de Silvano Aureoles Conejo y la coordinaci\u00f3n con los gobiernos municipales y federal, hoy Michoac\u00e1n reporta un crecimiento del 5 por ciento en la generaci\u00f3n de empleos, cifra que representa el uno por ciento arriba de la media nacional, que es del 4 por ciento.<\/p>\n","protected":false},"author":1,"featured_media":27140,"comment_status":"open","ping_status":"open","sticky":false,"template":"","format":"standard","meta":{"footnotes":""},"categories":[14,3],"tags":[],"class_list":["post-27139","post","type-post","status-publish","format-standard","has-post-thumbnail","hentry","category-destacadas","category-gobierno-del-estado-de-michoacan"],"_links":{"self":[{"href":"https:\/\/radiowebmx.com\/nota\/wp-json\/wp\/v2\/posts\/27139","targetHints":{"allow":["GET"]}}],"collection":[{"href":"https:\/\/radiowebmx.com\/nota\/wp-json\/wp\/v2\/posts"}],"about":[{"href":"https:\/\/radiowebmx.com\/nota\/wp-json\/wp\/v2\/types\/post"}],"author":[{"embeddable":true,"href":"https:\/\/radiowebmx.com\/nota\/wp-json\/wp\/v2\/users\/1"}],"replies":[{"embeddable":true,"href":"https:\/\/radiowebmx.com\/nota\/wp-json\/wp\/v2\/comments?post=27139"}],"version-history":[{"count":1,"href":"https:\/\/radiowebmx.com\/nota\/wp-json\/wp\/v2\/posts\/27139\/revisions"}],"predecessor-version":[{"id":27141,"href":"https:\/\/radiowebmx.com\/nota\/wp-json\/wp\/v2\/posts\/27139\/revisions\/27141"}],"wp:featuredmedia":[{"embeddable":true,"href":"https:\/\/radiowebmx.com\/nota\/wp-json\/wp\/v2\/media\/27140"}],"wp:attachment":[{"href":"https:\/\/radiowebmx.com\/nota\/wp-json\/wp\/v2\/media?parent=27139"}],"wp:term":[{"taxonomy":"category","embeddable":true,"href":"https:\/\/radiowebmx.com\/nota\/wp-json\/wp\/v2\/categories?post=27139"},{"taxonomy":"post_tag","embeddable":true,"href":"https:\/\/radiowebmx.com\/nota\/wp-json\/wp\/v2\/tags?post=27139"}],"curies":[{"name":"wp","href":"https:\/\/api.w.org\/{rel}","templated":true}]}}