{"id":27136,"date":"2016-11-01T10:17:59","date_gmt":"2016-11-01T16:17:59","guid":{"rendered":"https:\/\/radiowebmx.com\/nota\/?p=27136"},"modified":"2016-11-01T10:17:59","modified_gmt":"2016-11-01T16:17:59","slug":"impulsa-sedetum-una-nueva-vision-de-ciudad","status":"publish","type":"post","link":"https:\/\/radiowebmx.com\/nota\/impulsa-sedetum-una-nueva-vision-de-ciudad\/","title":{"rendered":"Impulsa Sedetum una nueva visi\u00f3n de ciudad"},"content":{"rendered":"<table id=\"x_contenido\" border=\"0\" cellspacing=\"0\" cellpadding=\"0\">\n<tbody>\n<tr>\n<td>\n<p><strong>Morelia, Michoac\u00e1n, a 31 de octubre de 2016.<\/strong>&#8211; En Michoac\u00e1n se impulsa una nueva visi\u00f3n de ciudad, con un crecimiento ordenado, sustentable, equitativo y democr\u00e1tico, afirm\u00f3 el secretario de Desarrollo Territorial, Urbano y Movilidad, Sergio Adem Argueta, en el marco del D\u00eda Mundial de las Ciudades.<\/p>\n<p>Precis\u00f3 que en la entidad, del total de la poblaci\u00f3n michoacana, el 70 por ciento es urbana, y se estima que para el 2050 el crecimiento podr\u00eda llegar incluso al 80 por ciento. En tanto, a nivel nacional 8 de cada 10 mexicanos viven en ciudades, de acuerdo a datos de la Secretar\u00eda de Desarrollo Agrario, Territorial y Urbano (Sedatu).<\/p>\n<p>Ante este panorama, el funcionario estatal se\u00f1al\u00f3 que es necesario fortalecer los instrumentos de planeaci\u00f3n y de ordenamiento territorial, que permitan generar mayores condiciones de desarrollo, accesibilidad, crecimiento econ\u00f3mico, de trabajo, de cohesi\u00f3n social y esparcimiento para la poblaci\u00f3n en su conjunto.<\/p>\n<p>Indic\u00f3 que en Michoac\u00e1n se est\u00e1n planteando estrategias que apunten y se sumen a la Nueva Agenda Urbana, aprobada durante la Tercera Conferencia sobre Vivienda y Desarrollo Urbano Sostenible H\u00e1bitat III, as\u00ed como a crear ciudades incluyentes, resilientes y compactas, por lo que la Sedetum trabaja en cuatro ejes principales como son: Sistemas de Ciudades; Suelo y Vivienda para Todos; Corazones de Barrio y Ciudades en Movimiento.<\/p>\n<p>De igual forma, subray\u00f3 la relevancia de la nueva Ley General de Asentamientos Humanos, Ordenamiento Territorial y Desarrollo Urbano, aprobada por el Senado de la Rep\u00fablica, al considerar el Derecho a la Ciudad y aspectos de vanguardia como la gobernanza metropolitana, lo que representa un elemento de gran valor para los Gobiernos Municipales, Estatales y para el Federal.<\/p>\n<p>Cabe se\u00f1alar que la Sedetum ha trabajado muy de cerca con diversos municipios michoacanos, a trav\u00e9s de los Talleres de Planeaci\u00f3n Estrat\u00e9gica, que se brindan a los Ayuntamientos como una herramienta para un crecimiento urbano ordenado.<\/p>\n<p>Es importante mencionar que la Asamblea General de la Organizaci\u00f3n de Naciones Unidas (ONU), design\u00f3 a partir del 2014, el 31 de octubre como el D\u00eda Mundial de las Ciudades y en el presente a\u00f1o se ha elegido el tema de \u201cCiudades Inclusivas, Desarrollo Compartido\u201d.<\/td>\n<\/tr>\n<\/tbody>\n<\/table>\n","protected":false},"excerpt":{"rendered":"<p>En Michoac\u00e1n se impulsa una nueva visi\u00f3n de ciudad, con un crecimiento ordenado, sustentable, equitativo y democr\u00e1tico, afirm\u00f3 el secretario de Desarrollo Territorial, Urbano y Movilidad, Sergio Adem Argueta, en el marco del D\u00eda Mundial de las Ciudades.<\/p>\n","protected":false},"author":1,"featured_media":27137,"comment_status":"open","ping_status":"open","sticky":false,"template":"","format":"standard","meta":{"footnotes":""},"categories":[14,3],"tags":[],"class_list":["post-27136","post","type-post","status-publish","format-standard","has-post-thumbnail","hentry","category-destacadas","category-gobierno-del-estado-de-michoacan"],"_links":{"self":[{"href":"https:\/\/radiowebmx.com\/nota\/wp-json\/wp\/v2\/posts\/27136","targetHints":{"allow":["GET"]}}],"collection":[{"href":"https:\/\/radiowebmx.com\/nota\/wp-json\/wp\/v2\/posts"}],"about":[{"href":"https:\/\/radiowebmx.com\/nota\/wp-json\/wp\/v2\/types\/post"}],"author":[{"embeddable":true,"href":"https:\/\/radiowebmx.com\/nota\/wp-json\/wp\/v2\/users\/1"}],"replies":[{"embeddable":true,"href":"https:\/\/radiowebmx.com\/nota\/wp-json\/wp\/v2\/comments?post=27136"}],"version-history":[{"count":1,"href":"https:\/\/radiowebmx.com\/nota\/wp-json\/wp\/v2\/posts\/27136\/revisions"}],"predecessor-version":[{"id":27138,"href":"https:\/\/radiowebmx.com\/nota\/wp-json\/wp\/v2\/posts\/27136\/revisions\/27138"}],"wp:featuredmedia":[{"embeddable":true,"href":"https:\/\/radiowebmx.com\/nota\/wp-json\/wp\/v2\/media\/27137"}],"wp:attachment":[{"href":"https:\/\/radiowebmx.com\/nota\/wp-json\/wp\/v2\/media?parent=27136"}],"wp:term":[{"taxonomy":"category","embeddable":true,"href":"https:\/\/radiowebmx.com\/nota\/wp-json\/wp\/v2\/categories?post=27136"},{"taxonomy":"post_tag","embeddable":true,"href":"https:\/\/radiowebmx.com\/nota\/wp-json\/wp\/v2\/tags?post=27136"}],"curies":[{"name":"wp","href":"https:\/\/api.w.org\/{rel}","templated":true}]}}