{"id":27133,"date":"2016-11-01T10:12:32","date_gmt":"2016-11-01T16:12:32","guid":{"rendered":"https:\/\/radiowebmx.com\/nota\/?p=27133"},"modified":"2016-11-01T10:12:32","modified_gmt":"2016-11-01T16:12:32","slug":"recibe-michoacan-validez-oficial-en-educacion-preescolar-para-guarderias-del-imss","status":"publish","type":"post","link":"https:\/\/radiowebmx.com\/nota\/recibe-michoacan-validez-oficial-en-educacion-preescolar-para-guarderias-del-imss\/","title":{"rendered":"Recibe Michoac\u00e1n validez oficial en educaci\u00f3n preescolar para guarder\u00edas del IMSS"},"content":{"rendered":"<p><strong>Uruapan, Michoac\u00e1n, a 31 de octubre de 2016.-<\/strong> El Gobernador Constitucional Silvano Aureoles Conejo entreg\u00f3 la autorizaci\u00f3n de validez oficial para impartir el primer a\u00f1o de educaci\u00f3n preescolar en 35 guarder\u00edas del Instituto Mexicano del Seguro Social (IMSS) en Michoac\u00e1n, al director general de este instituto, Mikel Arriola Pe\u00f1alosa, con lo que la entidad se convierte en la tercera del pa\u00eds en lograrlo.<\/p>\n<p>&nbsp;<\/p>\n<p>En su mensaje, el mandatario estatal se\u00f1al\u00f3 que para el Gobierno del Estado, una de las principales prioridades &#8220;es el bienestar y educaci\u00f3n de los ni\u00f1os&#8221;.<\/p>\n<p>&nbsp;<\/p>\n<p>Es importante destacar que esta medida ser\u00e1 aplicada a 35 guarder\u00edas del IMSS en el estado, en favor de 6 mil 200 menores desde 46 d\u00edas de nacidos a 4 a\u00f1os de edad que en ellas se atiende.<\/p>\n<p>&nbsp;<\/p>\n<p>En las instalaciones de la Empacadora de Aguacates &#8220;RV&#8221; y con la presencia del director general del IMSS, Mikel Arriola Pe\u00f1alosa, Aureoles Conejo explic\u00f3 que la Secretar\u00eda de Educaci\u00f3n en el Estado (SEE) realiz\u00f3 los trabajos necesarios para que las 35 guarder\u00edas fueran valoradas y certificadas. &#8220;Con este tipo de acciones se resuelve un asunto toral para las madres de familias&#8221;.<\/p>\n<p>&nbsp;<\/p>\n<p>Ante ello, refiri\u00f3 que una de los temas m\u00e1s importantes en su administraci\u00f3n &#8220;es la educaci\u00f3n de los ni\u00f1os, por eso necesitamos cuidar de ello&#8221;.<\/p>\n<p>&nbsp;<\/p>\n<p>Silvano Aureoles reiter\u00f3 su compromiso de generar las condiciones para que Michoac\u00e1n cuente con servicios de salud y educaci\u00f3n de calidad.<\/p>\n<p>&nbsp;<\/p>\n<p>En su oportunidad, Mikel Arriola destac\u00f3 que este tipo de acciones buscan hacer la vida m\u00e1s f\u00e1cil a las madres de familia.<\/p>\n<p>&nbsp;<\/p>\n<p>En este sentido, inform\u00f3 que Michoac\u00e1n se ha convertido en la tercera entidad en contar con la autorizaci\u00f3n de validez oficial para impartir el primer a\u00f1o de educaci\u00f3n preescolar en 35 guarder\u00edas del IMSS de la entidad.<\/p>\n<p>&nbsp;<\/p>\n<p>Asimismo, el funcionario federal anunci\u00f3 que en breve se iniciar\u00e1 la construcci\u00f3n de una nueva guarder\u00eda en Michoac\u00e1n en la que se atender\u00e1n a 150 infantes.<\/p>\n<p>&nbsp;<\/p>\n<p>Finalmente, se\u00f1al\u00f3 que en los \u00faltimos a\u00f1os se ha buscado mejorar la atenci\u00f3n de las guarder\u00edas de todo el pa\u00eds, por lo que se ha eliminado de la alimentaci\u00f3n, las grasas saturadas y los endulzantes artificiales. Mientras que para las madres de familia los tr\u00e1mites ya son m\u00ednimos, como las citas m\u00e9dicas a embarazadas, entre otros.<\/p>\n<p>&nbsp;<\/p>\n<p>A este evento asistieron el presidente municipal de Uruapan, V\u00edctor Manuel Manr\u00edquez Gonz\u00e1lez; el secretario de Pueblos Ind\u00edgenas y representante del Gobierno del Estado en esta regi\u00f3n, Mart\u00edn Garc\u00eda Avil\u00e9s; el delegado de la Profeco en Michoac\u00e1n y enlace del Gobierno Federal, Miguel Ildefonso Mares Chapa; el director de Prestaciones Econ\u00f3micas y Sociales del IMSS, Igor Rosette Valencia; los diputados Socorro de la Luz Quintana Le\u00f3n y \u00c1ngel Cedillo Hern\u00e1ndez; el gerente general de la Empacadora de Aguacate &#8220;RV&#8221;, Miguel Gonz\u00e1lez Vel\u00e1zquez, as\u00ed como diversas autoridades municipales, estatales y federales.<\/p>\n","protected":false},"excerpt":{"rendered":"<p>El Gobernador Constitucional Silvano Aureoles Conejo entreg\u00f3 la autorizaci\u00f3n de validez oficial para impartir el primer a\u00f1o de educaci\u00f3n preescolar en 35 guarder\u00edas del Instituto Mexicano del Seguro Social (IMSS) en Michoac\u00e1n, al director general de este instituto, Mikel Arriola Pe\u00f1alosa, con lo que la entidad se convierte en la tercera del pa\u00eds en lograrlo.<\/p>\n","protected":false},"author":1,"featured_media":27134,"comment_status":"open","ping_status":"open","sticky":false,"template":"","format":"standard","meta":{"footnotes":""},"categories":[14,3],"tags":[],"class_list":["post-27133","post","type-post","status-publish","format-standard","has-post-thumbnail","hentry","category-destacadas","category-gobierno-del-estado-de-michoacan"],"_links":{"self":[{"href":"https:\/\/radiowebmx.com\/nota\/wp-json\/wp\/v2\/posts\/27133","targetHints":{"allow":["GET"]}}],"collection":[{"href":"https:\/\/radiowebmx.com\/nota\/wp-json\/wp\/v2\/posts"}],"about":[{"href":"https:\/\/radiowebmx.com\/nota\/wp-json\/wp\/v2\/types\/post"}],"author":[{"embeddable":true,"href":"https:\/\/radiowebmx.com\/nota\/wp-json\/wp\/v2\/users\/1"}],"replies":[{"embeddable":true,"href":"https:\/\/radiowebmx.com\/nota\/wp-json\/wp\/v2\/comments?post=27133"}],"version-history":[{"count":1,"href":"https:\/\/radiowebmx.com\/nota\/wp-json\/wp\/v2\/posts\/27133\/revisions"}],"predecessor-version":[{"id":27135,"href":"https:\/\/radiowebmx.com\/nota\/wp-json\/wp\/v2\/posts\/27133\/revisions\/27135"}],"wp:featuredmedia":[{"embeddable":true,"href":"https:\/\/radiowebmx.com\/nota\/wp-json\/wp\/v2\/media\/27134"}],"wp:attachment":[{"href":"https:\/\/radiowebmx.com\/nota\/wp-json\/wp\/v2\/media?parent=27133"}],"wp:term":[{"taxonomy":"category","embeddable":true,"href":"https:\/\/radiowebmx.com\/nota\/wp-json\/wp\/v2\/categories?post=27133"},{"taxonomy":"post_tag","embeddable":true,"href":"https:\/\/radiowebmx.com\/nota\/wp-json\/wp\/v2\/tags?post=27133"}],"curies":[{"name":"wp","href":"https:\/\/api.w.org\/{rel}","templated":true}]}}