{"id":27117,"date":"2016-10-31T13:59:11","date_gmt":"2016-10-31T19:59:11","guid":{"rendered":"https:\/\/radiowebmx.com\/nota\/?p=27117"},"modified":"2016-10-31T13:59:11","modified_gmt":"2016-10-31T19:59:11","slug":"ijum-promueve-espacios-de-debate-y-expresion-para-la-participacion-juvenil","status":"publish","type":"post","link":"https:\/\/radiowebmx.com\/nota\/ijum-promueve-espacios-de-debate-y-expresion-para-la-participacion-juvenil\/","title":{"rendered":"IJUM promueve espacios de debate y expresi\u00f3n para la participaci\u00f3n juvenil"},"content":{"rendered":"<p>El Ayuntamiento de Morelia tiene la clara visi\u00f3n de establecer espacios para que la juventud desarrolle un pensamiento cr\u00edtico y sean escuchadas sus ideas, raz\u00f3n por la cual este lunes el Instituto de la Juventud Moreliana, en conjunto con el Instituto Tecnol\u00f3gico de Monterrey Campus Morelia, anunci\u00f3 la segunda edici\u00f3n del Torneo de Invierno Interuniversitario de Debate, mismo que se llevar\u00e1 a cabo los d\u00edas 8, 9 y 10 de diciembre en las instalaciones del mencionado centro educativo.<\/p>\n<p>En rueda de prensa, la Directora del IJUM, Ana Cristina Prado Mart\u00ednez dijo que para el Presidente Municipal de Morelia, Alfonso Mart\u00ednez Alc\u00e1zar, resulta preponderante abrir espacios de expresi\u00f3n para los j\u00f3venes morelianos, raz\u00f3n por la cual este evento representa un \u00e1rea de oportunidad para que estos den cauce a sus ideas de manera libre en materia de pol\u00edticas p\u00fablicas y sociales que se concreten a trav\u00e9s del dialogo y el debate.<\/p>\n<p>Resalt\u00f3 que en todo el pa\u00eds solamente existen dos eventos de esta \u00edndole, por lo tanto se mostr\u00f3 complacida con que el Instituto Tecnol\u00f3gico de Monterrey haya escogido a la capital michoacana para formar parte de este valioso proyecto.<\/p>\n<p>\u201cEs un orgullo para nosotros que los j\u00f3venes estudiantes del Instituto hayan escogido a Morelia para organizar este evento, situaci\u00f3n que demuestra que hay j\u00f3venes trabajando por nuestro estado y por nuestro municipio\u201d, dijo Prado Mart\u00ednez.<\/p>\n<p>Hizo votos para que este torneo se siga llevando a cabo a\u00f1o con a\u00f1o en la ciudad de Morelia y concluy\u00f3 informando que se han unido a este evento otras instituciones educativas como la Universidad Vasco de Quiroga y la Universidad Michoacana de San Nicol\u00e1s de Hidalgo.<\/p>\n<p>Por su parte Valeria Hern\u00e1ndez Rodr\u00edguez, asesora acad\u00e9mica del equipo de debate del Tecnol\u00f3gico de Monterrey, subray\u00f3 que este torneo tiene una gran importancia para los j\u00f3venes ya que es una actividad que les permite desarrollar diferentes habilidades l\u00f3gicas y cognoscitivas que abonan al aprendizaje y desarrollo del pensamiento cr\u00edtico y resoluci\u00f3n de problemas sociales.<\/p>\n<p>Refrend\u00f3 su agradecimiento al Instituto de la Juventud Morelia y al Ayuntamiento de Morelia por apoyar esta clase de espacios de aprendizaje y debate, esperando que este a\u00f1o los inscritos superen los 40 equipos de todo el pa\u00eds.<\/p>\n<p>El Torneo Interuniversitario de Debate, es abierto a todos los j\u00f3venes de 16 a 25 a\u00f1os, el formato es el de debate parlamentario brit\u00e1nico que permite desarrollar las habilidades l\u00f3gicas de los implicados. La inscripci\u00f3n tendr\u00e1 un costo de 400 pesos por persona en su pase sencillo y 580 con papeler\u00eda, materiales, certificados y cofee break incluido. Al final de la justa ser\u00e1n premiados los mejores equipos y oradores.<\/p>\n<p>Hasta el momento se han registrado equipos de estados como Sonora, Zacatecas, Guadalajara y Michoac\u00e1n. Para mayores informes de inscripci\u00f3n est\u00e1 disponible el correo electr\u00f3nico a01362848@itesm.mx o el tel\u00e9fono 44 31 97 50 20 con Andrea Rivera Caudillo.<\/p>\n","protected":false},"excerpt":{"rendered":"<p>El Ayuntamiento de Morelia tiene la clara visi\u00f3n de establecer espacios para que la juventud desarrolle un pensamiento cr\u00edtico y sean escuchadas sus ideas, raz\u00f3n por la cual este lunes el Instituto de la Juventud Moreliana, en conjunto con el ITM Campus Morelia, anunci\u00f3 la segunda edici\u00f3n del Torneo de Invierno Interuniversitario de Debate<\/p>\n","protected":false},"author":1,"featured_media":27118,"comment_status":"open","ping_status":"open","sticky":false,"template":"","format":"standard","meta":{"footnotes":""},"categories":[14,9],"tags":[],"class_list":["post-27117","post","type-post","status-publish","format-standard","has-post-thumbnail","hentry","category-destacadas","category-morelia"],"_links":{"self":[{"href":"https:\/\/radiowebmx.com\/nota\/wp-json\/wp\/v2\/posts\/27117","targetHints":{"allow":["GET"]}}],"collection":[{"href":"https:\/\/radiowebmx.com\/nota\/wp-json\/wp\/v2\/posts"}],"about":[{"href":"https:\/\/radiowebmx.com\/nota\/wp-json\/wp\/v2\/types\/post"}],"author":[{"embeddable":true,"href":"https:\/\/radiowebmx.com\/nota\/wp-json\/wp\/v2\/users\/1"}],"replies":[{"embeddable":true,"href":"https:\/\/radiowebmx.com\/nota\/wp-json\/wp\/v2\/comments?post=27117"}],"version-history":[{"count":1,"href":"https:\/\/radiowebmx.com\/nota\/wp-json\/wp\/v2\/posts\/27117\/revisions"}],"predecessor-version":[{"id":27119,"href":"https:\/\/radiowebmx.com\/nota\/wp-json\/wp\/v2\/posts\/27117\/revisions\/27119"}],"wp:featuredmedia":[{"embeddable":true,"href":"https:\/\/radiowebmx.com\/nota\/wp-json\/wp\/v2\/media\/27118"}],"wp:attachment":[{"href":"https:\/\/radiowebmx.com\/nota\/wp-json\/wp\/v2\/media?parent=27117"}],"wp:term":[{"taxonomy":"category","embeddable":true,"href":"https:\/\/radiowebmx.com\/nota\/wp-json\/wp\/v2\/categories?post=27117"},{"taxonomy":"post_tag","embeddable":true,"href":"https:\/\/radiowebmx.com\/nota\/wp-json\/wp\/v2\/tags?post=27117"}],"curies":[{"name":"wp","href":"https:\/\/api.w.org\/{rel}","templated":true}]}}