{"id":27114,"date":"2016-10-31T13:56:03","date_gmt":"2016-10-31T19:56:03","guid":{"rendered":"https:\/\/radiowebmx.com\/nota\/?p=27114"},"modified":"2016-10-31T13:56:03","modified_gmt":"2016-10-31T19:56:03","slug":"3er-concurso-estatal-de-cortometraje-una-ventana-para-realizadores-michoacanos-miguel-angel-villegas","status":"publish","type":"post","link":"https:\/\/radiowebmx.com\/nota\/3er-concurso-estatal-de-cortometraje-una-ventana-para-realizadores-michoacanos-miguel-angel-villegas\/","title":{"rendered":"3er concurso estatal de cortometraje, una ventana para realizadores michoacanos: Miguel \u00c1ngel Villegas"},"content":{"rendered":"<p class=\"x_MsoNormal\"><b>Morelia; Michoac\u00e1n, 30 de octubre del 2016.- <\/b>El Tercer Concurso Estatal de Cortometraje sobre concientizaci\u00f3n social &#8220;La culpa la tenemos todos&#8221;, que impulsa el diputado local Miguel \u00c1ngel Villegas Soto con el prop\u00f3sito de promover la participaci\u00f3n organizada de los ciudadanos, representa una ventana para que los realizadores michoacanos puedan dar a conocer su trabajo cinematogr\u00e1fico.<\/p>\n<p class=\"x_MsoNormal\">Para la presente edici\u00f3n, el legislador por el Partido Acci\u00f3n Nacional (PAN) se propuso incorporar algunas novedades, como mejorar los premios en efectivo, ya que existe una bolsa de 120 mil pesos que ser\u00e1 repartida entre los tres ganadores, otorgar capacitaciones en cine digital e introducir el Premio del P\u00fablico como una forma de reconocer a los participantes.<\/p>\n<p class=\"x_MsoNormal\">\n<p class=\"x_MsoNormal\">Villegas Soto record\u00f3 que los realizadores michoacanos podr\u00e1n registrar sus trabajos hasta el pr\u00f3ximo 30 de noviembre en cualquiera de las tres categor\u00edas: Documental, Ficci\u00f3n y Animaci\u00f3n, en la p\u00e1gina de internet\u00a0<a href=\"http:\/\/www.accionunida.org\/\" target=\"_blank\">www.accionunida.org<\/a>, de forma individual o en equipo.<\/p>\n<p class=\"x_MsoNormal\">\n<p class=\"x_MsoNormal\">Es de se\u00f1alar que \u00fanicamente se premiar\u00e1 a un ganador por cada categor\u00eda y los mejores trabajos podr\u00e1n ser transmitidos a trav\u00e9s del Sistema Michoacano de Radio y Televisi\u00f3n (SMRTV).<\/p>\n","protected":false},"excerpt":{"rendered":"<p>El Tercer Concurso Estatal de Cortometraje sobre concientizaci\u00f3n social &#8220;La culpa la tenemos todos&#8221;, que impulsa el diputado local Miguel \u00c1ngel Villegas Soto con el prop\u00f3sito de promover la participaci\u00f3n organizada de los ciudadanos, representa una ventana para que los realizadores michoacanos puedan dar a conocer su trabajo cinematogr\u00e1fico.<\/p>\n","protected":false},"author":1,"featured_media":27115,"comment_status":"open","ping_status":"open","sticky":false,"template":"","format":"standard","meta":{"footnotes":""},"categories":[6,14,8],"tags":[],"class_list":["post-27114","post","type-post","status-publish","format-standard","has-post-thumbnail","hentry","category-congreso-del-estado","category-destacadas","category-grupo-parlamentario-del-pan"],"_links":{"self":[{"href":"https:\/\/radiowebmx.com\/nota\/wp-json\/wp\/v2\/posts\/27114","targetHints":{"allow":["GET"]}}],"collection":[{"href":"https:\/\/radiowebmx.com\/nota\/wp-json\/wp\/v2\/posts"}],"about":[{"href":"https:\/\/radiowebmx.com\/nota\/wp-json\/wp\/v2\/types\/post"}],"author":[{"embeddable":true,"href":"https:\/\/radiowebmx.com\/nota\/wp-json\/wp\/v2\/users\/1"}],"replies":[{"embeddable":true,"href":"https:\/\/radiowebmx.com\/nota\/wp-json\/wp\/v2\/comments?post=27114"}],"version-history":[{"count":1,"href":"https:\/\/radiowebmx.com\/nota\/wp-json\/wp\/v2\/posts\/27114\/revisions"}],"predecessor-version":[{"id":27116,"href":"https:\/\/radiowebmx.com\/nota\/wp-json\/wp\/v2\/posts\/27114\/revisions\/27116"}],"wp:featuredmedia":[{"embeddable":true,"href":"https:\/\/radiowebmx.com\/nota\/wp-json\/wp\/v2\/media\/27115"}],"wp:attachment":[{"href":"https:\/\/radiowebmx.com\/nota\/wp-json\/wp\/v2\/media?parent=27114"}],"wp:term":[{"taxonomy":"category","embeddable":true,"href":"https:\/\/radiowebmx.com\/nota\/wp-json\/wp\/v2\/categories?post=27114"},{"taxonomy":"post_tag","embeddable":true,"href":"https:\/\/radiowebmx.com\/nota\/wp-json\/wp\/v2\/tags?post=27114"}],"curies":[{"name":"wp","href":"https:\/\/api.w.org\/{rel}","templated":true}]}}