{"id":27111,"date":"2016-10-31T13:53:33","date_gmt":"2016-10-31T19:53:33","guid":{"rendered":"https:\/\/radiowebmx.com\/nota\/?p=27111"},"modified":"2016-10-31T13:53:33","modified_gmt":"2016-10-31T19:53:33","slug":"se-debe-caminar-hacia-la-consolidacion-del-mando-unico-policial-wilfrido-lazaro-medina","status":"publish","type":"post","link":"https:\/\/radiowebmx.com\/nota\/se-debe-caminar-hacia-la-consolidacion-del-mando-unico-policial-wilfrido-lazaro-medina\/","title":{"rendered":"Se debe caminar hacia la consolidaci\u00f3n del Mando \u00danico Policial: Wilfrido L\u00e1zaro Medina"},"content":{"rendered":"<p class=\"x_MsoNormal\"><b>Morelia; Michoac\u00e1n, 30 de octubre del 2016.- <\/b>Ante los \u00faltimos acontecimientos violentos ocurridos en la entidad, el diputado del PRI, Wilfrido L\u00e1zaro Medina hizo llamado a unificar esfuerzos entre los tres \u00f3rdenes de gobierno para consolidar el Mando \u00danico Policial, mismo que hasta la fecha solo hab\u00eda signado convenio con 110 municipios.<span class=\"x_gmail-apple-converted-space\">\u00a0<\/span><\/p>\n<p class=\"x_MsoNormal\">El diputado presidente de la comisi\u00f3n de Seguridad y Protecci\u00f3n Civil en el Congreso del Estado, si bien reconoci\u00f3 el esfuerzo realizado para fortalecer esta figura, lament\u00f3 que hasta el momento se tengan pocos avances en la consolidaci\u00f3n de este cuerpo policial, y en algunos casos solo se cuente con la firma de los anexos.<span class=\"x_gmail-apple-converted-space\">\u00a0<\/span><\/p>\n<p class=\"x_MsoNormal\">Enfatiz\u00f3 que desde el Congreso se ha hecho lo propio, con la finalidad de garantizar todo el entramado jur\u00eddico para caminar hacia la cultura de la paz; para ello record\u00f3 que en su momento present\u00f3 la Ley para la Cultura de Paz y Prevenci\u00f3n de la Violencia, con el prop\u00f3sito de atacar de ra\u00edz del problema de inseguridad que se vive en el estado.<span class=\"x_gmail-apple-converted-space\">\u00a0<\/span><\/p>\n<p class=\"x_MsoNormal\">Sostuvo\u00a0 que la comisi\u00f3n a su cargo, estar\u00e1 atenta a las decisiones que tome el Congreso de la Uni\u00f3n en este tema, para que Michoac\u00e1n se armonice de inmediato y camine ya sea en la ruta del Mando \u00danico o Mixto, seg\u00fan\u00a0 se determine, con el fin con de que se den buenos resultados a la sociedad en esta materia tan sensible.<span class=\"x_gmail-apple-converted-space\">\u00a0<\/span><\/p>\n<p class=\"x_MsoNormal\">El diputado del PRI dio un voto de confianza, en que con el nuevo titular de la Secretar\u00eda Seguridad P\u00fablica, Juan Bernardo Corona exista la sensibilidad para atender la problem\u00e1tica que se enfrenta en el tema de seguridad en el estado,\u00a0 y establecer condiciones dignas para los elementos policiales qui\u00e9nes son la columna vertebral de todo el sistema de seguridad estatal.<span class=\"x_gmail-apple-converted-space\">\u00a0<\/span><\/p>\n<p class=\"x_MsoNormal\">L\u00e1zaro Medina manifest\u00f3 que preocupa el hecho de que los \u00edndices de violencia no hayan disminuido, por el contrario siga el ataque frontal contra\u00a0 funcionarios p\u00fablicos tal es el caso del subdirector de seguridad del municipio de Sahuayo, ultimado este fin de semana.<\/p>\n<p class=\"x_MsoNormal\">Agreg\u00f3 que se requiere la colaboraci\u00f3n de los tres \u00f3rdenes de gobierno para arribar a una estrategia de seguridad eficaz y que contribuya a regresar la paz y tranquilidad a los y a las michoacanas.<span class=\"x_gmail-apple-converted-space\">\u00a0<\/span><\/p>\n","protected":false},"excerpt":{"rendered":"<p>Ante los \u00faltimos acontecimientos violentos ocurridos en la entidad, el diputado del PRI, Wilfrido L\u00e1zaro Medina hizo llamado a unificar esfuerzos entre los tres \u00f3rdenes de gobierno para consolidar el Mando \u00danico Policial, mismo que hasta la fecha solo hab\u00eda signado convenio con 110 municipios. <\/p>\n","protected":false},"author":1,"featured_media":27112,"comment_status":"open","ping_status":"open","sticky":false,"template":"","format":"standard","meta":{"footnotes":""},"categories":[6,14,7],"tags":[],"class_list":["post-27111","post","type-post","status-publish","format-standard","has-post-thumbnail","hentry","category-congreso-del-estado","category-destacadas","category-grupo-parlamentario-del-pri"],"_links":{"self":[{"href":"https:\/\/radiowebmx.com\/nota\/wp-json\/wp\/v2\/posts\/27111","targetHints":{"allow":["GET"]}}],"collection":[{"href":"https:\/\/radiowebmx.com\/nota\/wp-json\/wp\/v2\/posts"}],"about":[{"href":"https:\/\/radiowebmx.com\/nota\/wp-json\/wp\/v2\/types\/post"}],"author":[{"embeddable":true,"href":"https:\/\/radiowebmx.com\/nota\/wp-json\/wp\/v2\/users\/1"}],"replies":[{"embeddable":true,"href":"https:\/\/radiowebmx.com\/nota\/wp-json\/wp\/v2\/comments?post=27111"}],"version-history":[{"count":1,"href":"https:\/\/radiowebmx.com\/nota\/wp-json\/wp\/v2\/posts\/27111\/revisions"}],"predecessor-version":[{"id":27113,"href":"https:\/\/radiowebmx.com\/nota\/wp-json\/wp\/v2\/posts\/27111\/revisions\/27113"}],"wp:featuredmedia":[{"embeddable":true,"href":"https:\/\/radiowebmx.com\/nota\/wp-json\/wp\/v2\/media\/27112"}],"wp:attachment":[{"href":"https:\/\/radiowebmx.com\/nota\/wp-json\/wp\/v2\/media?parent=27111"}],"wp:term":[{"taxonomy":"category","embeddable":true,"href":"https:\/\/radiowebmx.com\/nota\/wp-json\/wp\/v2\/categories?post=27111"},{"taxonomy":"post_tag","embeddable":true,"href":"https:\/\/radiowebmx.com\/nota\/wp-json\/wp\/v2\/tags?post=27111"}],"curies":[{"name":"wp","href":"https:\/\/api.w.org\/{rel}","templated":true}]}}