{"id":2711,"date":"2013-05-27T11:34:08","date_gmt":"2013-05-27T16:34:08","guid":{"rendered":"https:\/\/radiowebmx.com\/nota\/?p=2711"},"modified":"2013-05-27T11:34:08","modified_gmt":"2013-05-27T16:34:08","slug":"gracias-a-la-participacion-ciudadana-cheran-es-una-de-las-comunidades-mas-tranquilas-del-pais","status":"publish","type":"post","link":"https:\/\/radiowebmx.com\/nota\/gracias-a-la-participacion-ciudadana-cheran-es-una-de-las-comunidades-mas-tranquilas-del-pais\/","title":{"rendered":"GRACIAS A LA PARTICIPACI\u00d3N CIUDADANA, CHER\u00c1N ES UNA DE LAS COMUNIDADES M\u00c1S TRANQUILAS DEL PA\u00cdS"},"content":{"rendered":"<h1><span style=\"font-size: 13px; line-height: 19px;\">El periplo de Reyna Garc\u00eda incluy\u00f3 la visita al vivero forestal \u201cSan Francisco Cher\u00e1n\u201d, propiedad de la comunidad, donde se producen alrededor de un mill\u00f3n 500 mil plantas de pino de diversas especies, una de ellas, la Abies Religiosa, que est\u00e1 en peligro de extinci\u00f3n, y donde se beneficia con trabajo temporal hasta a 200 familias.<\/span><\/h1>\n<p>Durante el recorrido, los especialistas Vicente Ch\u00e1vez L\u00f3pez y Emilio Rojas Medina, le informaron que en este mismo espacio, se generan 15 toneladas anuales de sustrato para la producci\u00f3n forestal y que en general, en la regi\u00f3n se producen hasta 9 mil litros de resina cada 15 d\u00edas.<\/p>\n<p>Uno de los miembros del Concejo Mayor, Jos\u00e9 Trinidad Estrada Avil\u00e9s, dijo que ya se encuentran listas 450 hect\u00e1reas para reforestaci\u00f3n.<\/p>\n<p>&nbsp;<\/p>\n<p>El jefe del Ejecutivo estatal realiz\u00f3 tambi\u00e9n un recorrido por el Hospital Integral de este municipio, donde constat\u00f3 las necesidades existentes en el nosocomio e instruy\u00f3 al secretario de Salud del estado, Rafael D\u00edaz Rodr\u00edguez, para dar seguimiento a la solicitud hecha ante las autoridades federales para el mejoramiento del equipamiento, el incremento en el n\u00famero de camas y la posible ampliaci\u00f3n de espacios.<\/p>\n<p>El mandatario estatal tambi\u00e9n supervis\u00f3 las instalaciones de la planta tratadora de aguas residuales de la comunidad, que ser\u00e1 reactivada para tratar hasta el 70 por ciento de las aguas negras y que permitir\u00e1 regar diversos cultivos.<\/p>\n<p>M\u00e1s tarde, se hizo un recorrido por el aserradero y la bloquera donde los miembros de la comunidad le expusieron la importancia de que la empresa permanezca en beneficio de las nuevas generaciones, toda vez que es una fuente importante de ingresos para las familias de la regi\u00f3n. En este lugar le solicitaron el apoyo para la construcci\u00f3n de bodegas y galeras para resguardar la madera y otras materias primas.<\/p>\n<p>Estuvieron presentes tambi\u00e9n, Jos\u00e9 Luis Esquivel Zalpa, diputado federal por el Distrito VII de Zacapu; Armando Hurtado Ar\u00e9valo, diputado local por el mismo distrito; Ricardo Mart\u00ednez Su\u00e1rez, secretario de Desarrollo Econ\u00f3mico;\u00a0 Alejandro Avil\u00e9s Reyes, secretario de Pueblos Ind\u00edgenas; Julio Hern\u00e1ndez Granados, coordinador general de Comunicaci\u00f3n Social del gobierno estatal, Jaime Mares Camarena, Vocal Ejecutivo del Centro Estatal para el Desarrollo Municipal y Cuauht\u00e9moc Ram\u00edrez Romero, director general de la Comisi\u00f3n Forestal del estado de Michoac\u00e1n.<\/p>\n<p>&nbsp;<\/p>\n","protected":false},"excerpt":{"rendered":"<p>El periplo de Reyna Garc\u00eda incluy\u00f3 la visita al vivero forestal \u201cSan Francisco Cher\u00e1n\u201d, propiedad de la comunidad, donde se producen alrededor de un mill\u00f3n 500 mil plantas de pino de diversas especies, una de ellas, la Abies Religiosa, que est\u00e1 en peligro de extinci\u00f3n, y donde se beneficia con trabajo temporal hasta a 200 familias.<\/p>\n","protected":false},"author":1,"featured_media":0,"comment_status":"open","ping_status":"open","sticky":false,"template":"","format":"standard","meta":{"footnotes":""},"categories":[14,3],"tags":[],"class_list":["post-2711","post","type-post","status-publish","format-standard","hentry","category-destacadas","category-gobierno-del-estado-de-michoacan"],"_links":{"self":[{"href":"https:\/\/radiowebmx.com\/nota\/wp-json\/wp\/v2\/posts\/2711","targetHints":{"allow":["GET"]}}],"collection":[{"href":"https:\/\/radiowebmx.com\/nota\/wp-json\/wp\/v2\/posts"}],"about":[{"href":"https:\/\/radiowebmx.com\/nota\/wp-json\/wp\/v2\/types\/post"}],"author":[{"embeddable":true,"href":"https:\/\/radiowebmx.com\/nota\/wp-json\/wp\/v2\/users\/1"}],"replies":[{"embeddable":true,"href":"https:\/\/radiowebmx.com\/nota\/wp-json\/wp\/v2\/comments?post=2711"}],"version-history":[{"count":2,"href":"https:\/\/radiowebmx.com\/nota\/wp-json\/wp\/v2\/posts\/2711\/revisions"}],"predecessor-version":[{"id":2713,"href":"https:\/\/radiowebmx.com\/nota\/wp-json\/wp\/v2\/posts\/2711\/revisions\/2713"}],"wp:attachment":[{"href":"https:\/\/radiowebmx.com\/nota\/wp-json\/wp\/v2\/media?parent=2711"}],"wp:term":[{"taxonomy":"category","embeddable":true,"href":"https:\/\/radiowebmx.com\/nota\/wp-json\/wp\/v2\/categories?post=2711"},{"taxonomy":"post_tag","embeddable":true,"href":"https:\/\/radiowebmx.com\/nota\/wp-json\/wp\/v2\/tags?post=2711"}],"curies":[{"name":"wp","href":"https:\/\/api.w.org\/{rel}","templated":true}]}}